
{"id":162745,"date":"2022-05-19T19:08:09","date_gmt":"2022-05-19T22:08:09","guid":{"rendered":"http:\/\/www.politicosdosuldabahia.com.br\/v1\/?p=162745"},"modified":"2022-05-19T19:08:09","modified_gmt":"2022-05-19T22:08:09","slug":"e-o-sujo-falando-do-mal-lavado-diz-roma-sobre-acusacoes-de-neto-a-rui","status":"publish","type":"post","link":"https:\/\/www.politicosdosuldabahia.com.br\/v1\/2022\/05\/19\/e-o-sujo-falando-do-mal-lavado-diz-roma-sobre-acusacoes-de-neto-a-rui\/","title":{"rendered":"\u201d\u00c9 O SUJO FALANDO DO MAL LAVADO\u201d, DIZ ROMA SOBRE ACUSA\u00c7\u00d5ES DE NETO A RUI"},"content":{"rendered":"<h3 style=\"text-align: justify\"><img loading=\"lazy\" decoding=\"async\" class=\"wp-image-162746 aligncenter\" src=\"http:\/\/www.politicosdosuldabahia.com.br\/v1\/wp-content\/uploads\/2022\/05\/WhatsApp-Image-2022-05-19-at-18.51.31.jpeg\" alt=\"WhatsApp Image 2022-05-19 at 18.51.31\" width=\"455\" height=\"303\" srcset=\"https:\/\/www.politicosdosuldabahia.com.br\/v1\/wp-content\/uploads\/2022\/05\/WhatsApp-Image-2022-05-19-at-18.51.31.jpeg 1024w, https:\/\/www.politicosdosuldabahia.com.br\/v1\/wp-content\/uploads\/2022\/05\/WhatsApp-Image-2022-05-19-at-18.51.31-300x200.jpeg 300w, https:\/\/www.politicosdosuldabahia.com.br\/v1\/wp-content\/uploads\/2022\/05\/WhatsApp-Image-2022-05-19-at-18.51.31-768x512.jpeg 768w\" sizes=\"(max-width: 455px) 100vw, 455px\" \/><br \/>\n\u201c\u00c9 o sujo falando do mal lavado\u201d, diz o pr\u00e9-candidato a governador da Bahia, ex-ministro da Cidadania e deputado federal, Jo\u00e3o Roma (PL), sobre as acusa\u00e7\u00f5es do ex-prefeito de Salvador, ACM Neto, ao governador do PT, Rui Costa, de persegui\u00e7\u00f5es e amea\u00e7as a prefeitos.<\/p>\n<p>Roma lembra que servidores da prefeitura de Salvador tamb\u00e9m passaram pelo mesmo constrangimento de persegui\u00e7\u00f5es e amea\u00e7as, quando manifestavam at\u00e9 pouco tempo uma simples curtida na rede social do ex-ministro da Cidadania.<\/p>\n<p>\u201cQuando falo da necessidade de mudan\u00e7a de verdade, de oxigena\u00e7\u00e3o da vida p\u00fablica baiana, \u00e9 para justamente abolir essas pr\u00e1ticas autorit\u00e1rias e execr\u00e1veis de uma pol\u00edtica do S\u00e9culo XIX que n\u00e3o cabe mais na Bahia do S\u00e9culo XXI\u201d, afirma o pr\u00e9-candidato bolsonarista.<\/p>\n<p>Jo\u00e3o Roma observa que a popula\u00e7\u00e3o n\u00e3o suporta mais a ret\u00f3rica vazia de falas que n\u00e3o correspondem aos atos. De acordo com ele, cabe a Procuradoria Eleitoral cumprir o seu papel de manter o equil\u00edbrio da disputa, fiscalizando o uso da m\u00e1quina p\u00fablica tanto estadual quanto da prefeitura de Salvador nas elei\u00e7\u00f5es.<\/h3>\n","protected":false},"excerpt":{"rendered":"<p>\u201c\u00c9 o sujo falando do mal lavado\u201d, diz o pr\u00e9-candidato a governador da Bahia, ex-ministro da Cidadania e deputado federal, Jo\u00e3o Roma (PL), sobre as acusa\u00e7\u00f5es do ex-prefeito de Salvador, ACM Neto, ao governador do PT, Rui Costa, de persegui\u00e7\u00f5es e amea\u00e7as a prefeitos. Roma lembra que servidores da prefeitura de Salvador tamb\u00e9m passaram pelo [&hellip;]<\/p>\n","protected":false},"author":992,"featured_media":162746,"comment_status":"open","ping_status":"open","sticky":false,"template":"","format":"standard","meta":{"footnotes":"","_links_to":"","_links_to_target":""},"categories":[14],"tags":[],"class_list":["post-162745","post","type-post","status-publish","format-standard","has-post-thumbnail","hentry","category-bahia-geral"],"views":581,"_links":{"self":[{"href":"https:\/\/www.politicosdosuldabahia.com.br\/v1\/wp-json\/wp\/v2\/posts\/162745"}],"collection":[{"href":"https:\/\/www.politicosdosuldabahia.com.br\/v1\/wp-json\/wp\/v2\/posts"}],"about":[{"href":"https:\/\/www.politicosdosuldabahia.com.br\/v1\/wp-json\/wp\/v2\/types\/post"}],"author":[{"embeddable":true,"href":"https:\/\/www.politicosdosuldabahia.com.br\/v1\/wp-json\/wp\/v2\/users\/992"}],"replies":[{"embeddable":true,"href":"https:\/\/www.politicosdosuldabahia.com.br\/v1\/wp-json\/wp\/v2\/comments?post=162745"}],"version-history":[{"count":1,"href":"https:\/\/www.politicosdosuldabahia.com.br\/v1\/wp-json\/wp\/v2\/posts\/162745\/revisions"}],"predecessor-version":[{"id":162747,"href":"https:\/\/www.politicosdosuldabahia.com.br\/v1\/wp-json\/wp\/v2\/posts\/162745\/revisions\/162747"}],"wp:featuredmedia":[{"embeddable":true,"href":"https:\/\/www.politicosdosuldabahia.com.br\/v1\/wp-json\/wp\/v2\/media\/162746"}],"wp:attachment":[{"href":"https:\/\/www.politicosdosuldabahia.com.br\/v1\/wp-json\/wp\/v2\/media?parent=162745"}],"wp:term":[{"taxonomy":"category","embeddable":true,"href":"https:\/\/www.politicosdosuldabahia.com.br\/v1\/wp-json\/wp\/v2\/categories?post=162745"},{"taxonomy":"post_tag","embeddable":true,"href":"https:\/\/www.politicosdosuldabahia.com.br\/v1\/wp-json\/wp\/v2\/tags?post=162745"}],"curies":[{"name":"wp","href":"https:\/\/api.w.org\/{rel}","templated":true}]}}