
{"id":162676,"date":"2022-05-18T12:00:27","date_gmt":"2022-05-18T15:00:27","guid":{"rendered":"http:\/\/www.politicosdosuldabahia.com.br\/v1\/?p=162676"},"modified":"2022-05-18T12:00:27","modified_gmt":"2022-05-18T15:00:27","slug":"bahia-pesquisa-genialquaest-mostra-acm-neto-com-67-das-intencoes-de-votos-para-o-governo-da-bahia","status":"publish","type":"post","link":"https:\/\/www.politicosdosuldabahia.com.br\/v1\/2022\/05\/18\/bahia-pesquisa-genialquaest-mostra-acm-neto-com-67-das-intencoes-de-votos-para-o-governo-da-bahia\/","title":{"rendered":"BAHIA: PESQUISA GENIAL\/QUAEST MOSTRA ACM NETO COM 67% DAS INTEN\u00c7\u00d5ES DE VOTOS PARA O GOVERNO DA BAHIA"},"content":{"rendered":"<h3 style=\"text-align: justify\"><img loading=\"lazy\" decoding=\"async\" class=\"size-full wp-image-162677 aligncenter\" src=\"http:\/\/www.politicosdosuldabahia.com.br\/v1\/wp-content\/uploads\/2022\/05\/WhatsApp-Image-2022-05-18-at-10.51.45.jpeg\" alt=\"WhatsApp Image 2022-05-18 at 10.51.45\" width=\"455\" height=\"303\" srcset=\"https:\/\/www.politicosdosuldabahia.com.br\/v1\/wp-content\/uploads\/2022\/05\/WhatsApp-Image-2022-05-18-at-10.51.45.jpeg 455w, https:\/\/www.politicosdosuldabahia.com.br\/v1\/wp-content\/uploads\/2022\/05\/WhatsApp-Image-2022-05-18-at-10.51.45-300x200.jpeg 300w\" sizes=\"(max-width: 455px) 100vw, 455px\" \/><\/h3>\n<h3 style=\"text-align: justify\">Pr\u00e9-candidato do Uni\u00e3o Brasil abriu 61 pontos percentuais de vantagem sobre os advers\u00e1rios; levantamento aponta vit\u00f3ria j\u00e1 no primeiro turno<\/h3>\n<h3 style=\"text-align: justify\">Levantamento Genial\/Quaest divulgado na manh\u00e3 desta quarta-feira (18) pela CNN Brasil mostra o pr\u00e9-candidato ao Governo da Bahia ACM Neto (Uni\u00e3o Brasil) com 67% das inten\u00e7\u00f5es de votos para o pleito deste ano no cen\u00e1rio estimulado.<\/h3>\n<h3 style=\"text-align: justify\">Em segundo lugar, aparece Jer\u00f4nimo Rodrigues (PT), com 6%, e Jo\u00e3o Roma (PL) em terceiro, com 5%. O pr\u00e9-candidato do PSOL, Kleber Rosa, acumulou 1% e Giovani Damico (PCB) n\u00e3o pontuou.<\/h3>\n<h3 style=\"text-align: justify\">Neste cen\u00e1rio, com 61 pontos percentuais de vantagem sobre os advers\u00e1rios, ACM Neto seria eleito em primeiro turno, com ampla vantagem, caso as elei\u00e7\u00f5es acontecessem hoje.<\/h3>\n<h3 style=\"text-align: justify\">A pesquisa entrevistou 1.140 pessoas, de maneira presencial, entre os dias 13 e 16 de maio, em 74 munic\u00edpios da Bahia. Com margem de erro de 2,9 pontos percentuais, o levantamento tem 95% de confiabilidade. A pesquisa foi registrada na Justi\u00e7a Eleitoral sob o n\u00famero BR-02283\/2022 e BA-03239\/2022.<\/h3>\n<h3 style=\"text-align: justify\">Segundo Turno<\/h3>\n<h3 style=\"text-align: justify\">O instituto tamb\u00e9m analisou os cen\u00e1rios para segundo turno. Quando a disputa \u00e9 entre ACM Neto e Jer\u00f4nimo Rodrigues, Neto acumula 73% das inten\u00e7\u00f5es de votos contra 11% de Jer\u00f4nimo. Brancos e nulos somam 11% e indecisos 5%.<\/h3>\n<h3 style=\"text-align: justify\">J\u00e1 na an\u00e1lise da disputa entre Neto e Jo\u00e3o Roma, o pr\u00e9-candidato do Uni\u00e3o Brasil tamb\u00e9m acumula 73% dos votos. Nesse cen\u00e1rio, Roma fica com 10%, brancos e nulos com 11% e indecisos acumulam 9% dos votos.<\/h3>\n","protected":false},"excerpt":{"rendered":"<p>Pr\u00e9-candidato do Uni\u00e3o Brasil abriu 61 pontos percentuais de vantagem sobre os advers\u00e1rios; levantamento aponta vit\u00f3ria j\u00e1 no primeiro turno Levantamento Genial\/Quaest divulgado na manh\u00e3 desta quarta-feira (18) pela CNN Brasil mostra o pr\u00e9-candidato ao Governo da Bahia ACM Neto (Uni\u00e3o Brasil) com 67% das inten\u00e7\u00f5es de votos para o pleito deste ano no cen\u00e1rio [&hellip;]<\/p>\n","protected":false},"author":992,"featured_media":162677,"comment_status":"open","ping_status":"open","sticky":false,"template":"","format":"standard","meta":{"footnotes":"","_links_to":"","_links_to_target":""},"categories":[14],"tags":[],"class_list":["post-162676","post","type-post","status-publish","format-standard","has-post-thumbnail","hentry","category-bahia-geral"],"views":645,"_links":{"self":[{"href":"https:\/\/www.politicosdosuldabahia.com.br\/v1\/wp-json\/wp\/v2\/posts\/162676"}],"collection":[{"href":"https:\/\/www.politicosdosuldabahia.com.br\/v1\/wp-json\/wp\/v2\/posts"}],"about":[{"href":"https:\/\/www.politicosdosuldabahia.com.br\/v1\/wp-json\/wp\/v2\/types\/post"}],"author":[{"embeddable":true,"href":"https:\/\/www.politicosdosuldabahia.com.br\/v1\/wp-json\/wp\/v2\/users\/992"}],"replies":[{"embeddable":true,"href":"https:\/\/www.politicosdosuldabahia.com.br\/v1\/wp-json\/wp\/v2\/comments?post=162676"}],"version-history":[{"count":1,"href":"https:\/\/www.politicosdosuldabahia.com.br\/v1\/wp-json\/wp\/v2\/posts\/162676\/revisions"}],"predecessor-version":[{"id":162678,"href":"https:\/\/www.politicosdosuldabahia.com.br\/v1\/wp-json\/wp\/v2\/posts\/162676\/revisions\/162678"}],"wp:featuredmedia":[{"embeddable":true,"href":"https:\/\/www.politicosdosuldabahia.com.br\/v1\/wp-json\/wp\/v2\/media\/162677"}],"wp:attachment":[{"href":"https:\/\/www.politicosdosuldabahia.com.br\/v1\/wp-json\/wp\/v2\/media?parent=162676"}],"wp:term":[{"taxonomy":"category","embeddable":true,"href":"https:\/\/www.politicosdosuldabahia.com.br\/v1\/wp-json\/wp\/v2\/categories?post=162676"},{"taxonomy":"post_tag","embeddable":true,"href":"https:\/\/www.politicosdosuldabahia.com.br\/v1\/wp-json\/wp\/v2\/tags?post=162676"}],"curies":[{"name":"wp","href":"https:\/\/api.w.org\/{rel}","templated":true}]}}