
{"id":162661,"date":"2022-05-18T08:17:32","date_gmt":"2022-05-18T11:17:32","guid":{"rendered":"http:\/\/www.politicosdosuldabahia.com.br\/v1\/?p=162661"},"modified":"2022-05-18T08:17:32","modified_gmt":"2022-05-18T11:17:32","slug":"marta-de-irmao-lazaro-filia-se-ao-pt-e-e-pre-candidata-a-deputada-federal","status":"publish","type":"post","link":"https:\/\/www.politicosdosuldabahia.com.br\/v1\/2022\/05\/18\/marta-de-irmao-lazaro-filia-se-ao-pt-e-e-pre-candidata-a-deputada-federal\/","title":{"rendered":"MARTA DE IRM\u00c3O L\u00c1ZARO FILIA-SE AO PT E \u00c9 PR\u00c9-CANDIDATA A DEPUTADA FEDERAL"},"content":{"rendered":"<h3 style=\"text-align: justify\"><img loading=\"lazy\" decoding=\"async\" class=\"aligncenter wp-image-162663\" src=\"http:\/\/www.politicosdosuldabahia.com.br\/v1\/wp-content\/uploads\/2022\/05\/WhatsApp-Image-2022-05-17-at-12.21.36.jpeg\" alt=\"WhatsApp Image 2022-05-17 at 12.21.36\" width=\"454\" height=\"455\" srcset=\"https:\/\/www.politicosdosuldabahia.com.br\/v1\/wp-content\/uploads\/2022\/05\/WhatsApp-Image-2022-05-17-at-12.21.36.jpeg 512w, https:\/\/www.politicosdosuldabahia.com.br\/v1\/wp-content\/uploads\/2022\/05\/WhatsApp-Image-2022-05-17-at-12.21.36-150x150.jpeg 150w, https:\/\/www.politicosdosuldabahia.com.br\/v1\/wp-content\/uploads\/2022\/05\/WhatsApp-Image-2022-05-17-at-12.21.36-300x300.jpeg 300w\" sizes=\"(max-width: 454px) 100vw, 454px\" \/><\/h3>\n<h3 style=\"text-align: justify\">Depois de uma trajet\u00f3ria marcada ao lado do pai como cantor gospel, ex-deputado federal e ex-vereador de Salvador, morto pela Covid-19 em mar\u00e7o do ano passado, Marta de irm\u00e3o L\u00e1zaro, como \u00e9 conhecida, decidiu ser candidata a deputada federal pelo Partido dos Trabalhadores (PT), e assim seguir o legado do pai.<\/h3>\n<h3 style=\"text-align: justify\">Marta, mulher jovem, negra, estudante de Direito e Per\u00edcia Criminal e com apenas 21 anos, Marta de irm\u00e3o L\u00e1zaro, acompanhou desde o nascimento a carreira e a\u00e7\u00f5es sociais do pai. Ap\u00f3s sua morte, tomou a frente do trabalho e est\u00e1 sempre em busca de donativos para os mais necessitados. E agora, segundo Marta, a \u2018\u2019hist\u00f3ria continua\u2019\u2019, para disputar o eleitorado evang\u00e9lico e ocupar um lugar na C\u00e2mara, contribuindo para fazer um trabalho de projetos sociais com todos os templos evang\u00e9licos da Bahia<\/h3>\n","protected":false},"excerpt":{"rendered":"<p>Depois de uma trajet\u00f3ria marcada ao lado do pai como cantor gospel, ex-deputado federal e ex-vereador de Salvador, morto pela Covid-19 em mar\u00e7o do ano passado, Marta de irm\u00e3o L\u00e1zaro, como \u00e9 conhecida, decidiu ser candidata a deputada federal pelo Partido dos Trabalhadores (PT), e assim seguir o legado do pai. Marta, mulher jovem, negra, [&hellip;]<\/p>\n","protected":false},"author":992,"featured_media":162663,"comment_status":"open","ping_status":"open","sticky":false,"template":"","format":"standard","meta":{"footnotes":"","_links_to":"","_links_to_target":""},"categories":[14,4],"tags":[],"class_list":["post-162661","post","type-post","status-publish","format-standard","has-post-thumbnail","hentry","category-bahia-geral","category-politica"],"views":603,"_links":{"self":[{"href":"https:\/\/www.politicosdosuldabahia.com.br\/v1\/wp-json\/wp\/v2\/posts\/162661"}],"collection":[{"href":"https:\/\/www.politicosdosuldabahia.com.br\/v1\/wp-json\/wp\/v2\/posts"}],"about":[{"href":"https:\/\/www.politicosdosuldabahia.com.br\/v1\/wp-json\/wp\/v2\/types\/post"}],"author":[{"embeddable":true,"href":"https:\/\/www.politicosdosuldabahia.com.br\/v1\/wp-json\/wp\/v2\/users\/992"}],"replies":[{"embeddable":true,"href":"https:\/\/www.politicosdosuldabahia.com.br\/v1\/wp-json\/wp\/v2\/comments?post=162661"}],"version-history":[{"count":1,"href":"https:\/\/www.politicosdosuldabahia.com.br\/v1\/wp-json\/wp\/v2\/posts\/162661\/revisions"}],"predecessor-version":[{"id":162664,"href":"https:\/\/www.politicosdosuldabahia.com.br\/v1\/wp-json\/wp\/v2\/posts\/162661\/revisions\/162664"}],"wp:featuredmedia":[{"embeddable":true,"href":"https:\/\/www.politicosdosuldabahia.com.br\/v1\/wp-json\/wp\/v2\/media\/162663"}],"wp:attachment":[{"href":"https:\/\/www.politicosdosuldabahia.com.br\/v1\/wp-json\/wp\/v2\/media?parent=162661"}],"wp:term":[{"taxonomy":"category","embeddable":true,"href":"https:\/\/www.politicosdosuldabahia.com.br\/v1\/wp-json\/wp\/v2\/categories?post=162661"},{"taxonomy":"post_tag","embeddable":true,"href":"https:\/\/www.politicosdosuldabahia.com.br\/v1\/wp-json\/wp\/v2\/tags?post=162661"}],"curies":[{"name":"wp","href":"https:\/\/api.w.org\/{rel}","templated":true}]}}