
{"id":162658,"date":"2022-05-18T08:14:33","date_gmt":"2022-05-18T11:14:33","guid":{"rendered":"http:\/\/www.politicosdosuldabahia.com.br\/v1\/?p=162658"},"modified":"2022-05-18T08:14:33","modified_gmt":"2022-05-18T11:14:33","slug":"politica-nao-se-faz-de-cima-d-muro-condena-jeronimo-em-feira-de-santana","status":"publish","type":"post","link":"https:\/\/www.politicosdosuldabahia.com.br\/v1\/2022\/05\/18\/politica-nao-se-faz-de-cima-d-muro-condena-jeronimo-em-feira-de-santana\/","title":{"rendered":"&#8216;POL\u00cdTICA N\u00c3O SE FAZ DE CIMA D MURO&#8217;, CONDENA JER\u00d4NIMO EM FEIRA DE SANTANA"},"content":{"rendered":"<h3 style=\"text-align: justify\"><img loading=\"lazy\" decoding=\"async\" class=\"aligncenter wp-image-162659\" src=\"http:\/\/www.politicosdosuldabahia.com.br\/v1\/wp-content\/uploads\/2022\/05\/WhatsApp-Image-2022-05-17-at-13.54.59.jpeg\" alt=\"WhatsApp Image 2022-05-17 at 13.54.59\" width=\"455\" height=\"291\" srcset=\"https:\/\/www.politicosdosuldabahia.com.br\/v1\/wp-content\/uploads\/2022\/05\/WhatsApp-Image-2022-05-17-at-13.54.59.jpeg 863w, https:\/\/www.politicosdosuldabahia.com.br\/v1\/wp-content\/uploads\/2022\/05\/WhatsApp-Image-2022-05-17-at-13.54.59-300x192.jpeg 300w, https:\/\/www.politicosdosuldabahia.com.br\/v1\/wp-content\/uploads\/2022\/05\/WhatsApp-Image-2022-05-17-at-13.54.59-768x491.jpeg 768w\" sizes=\"(max-width: 455px) 100vw, 455px\" \/><\/h3>\n<h3 style=\"text-align: justify\">\u201cO ex-prefeito [de Salvador] n\u00e3o tem coragem de assumir o seu candidato [a presidente da Rep\u00fablica]. Est\u00e1 com medo ou tem interesses, mas n\u00e3o podemos fazer pol\u00edtica de cima do muro. A sociedade sempre exigiu saber quem est\u00e1 com quem. O ex-ministro [Jo\u00e3o Roma] teve a coragem de assumir que \u00e9 do presidente. Em 2018, o ex-prefeito assumiu que era bolsonarista. D\u00e1 para esconder agora? Quem \u00e9 que indica os cargos do Governo Federal na Bahia?\u201d, questionou o pr\u00e9-candidato a governador do Estado pelo PT, Jer\u00f4nimo Rodrigues, durante entrevista, nesta ter\u00e7a-feira (17), em Feira de Santana.<\/h3>\n<h3 style=\"text-align: justify\">Sobre a inevit\u00e1vel influ\u00eancia da disputa nacional nas elei\u00e7\u00f5es estaduais deste ano, o pr\u00e9-postulando petista afirmou que a disputa de um projeto \u00e9 o que estar\u00e1 em jogo. \u201cCuidado com os oportunistas de plant\u00e3o, muitas vezes novo na idade, mas arcaico, velho na forma de fazer pol\u00edtica. O ex-presidente Lula foi tratado duas vezes de forma desrespeitosa, amea\u00e7ado com uma surra e, agora, j\u00e1 na pr\u00e9-campanha, chamado de \u2018muleta\u2019. A pol\u00edtica n\u00e3o \u00e9 um espa\u00e7o para agredir as pessoas. N\u00f3s n\u00e3o vamos entrar nessa. Vamos disputar \u00e9 projeto, porque quem n\u00e3o respeita o advers\u00e1rio n\u00e3o vai respeitar a popula\u00e7\u00e3o hora nenhuma\u201d, alertou Jer\u00f4nimo, que participa de encontro do time de Lula na Bahia com movimentos sociais do campo.<\/h3>\n<h3 style=\"text-align: justify\">Neste final de semana, o senador Otto Alencar (PSD), em Guanambi, cobrou a apresenta\u00e7\u00e3o da \u201ccarteira de identidade\u201d dos candidatos que pretendem disputar o governo do Estado, e defendeu que \u201ccandidato que n\u00e3o tem carteira de identidade n\u00e3o merece apresentar projeto de governo para governar um estado da dimens\u00e3o da Bahia&#8221;.<\/h3>\n","protected":false},"excerpt":{"rendered":"<p>\u201cO ex-prefeito [de Salvador] n\u00e3o tem coragem de assumir o seu candidato [a presidente da Rep\u00fablica]. Est\u00e1 com medo ou tem interesses, mas n\u00e3o podemos fazer pol\u00edtica de cima do muro. A sociedade sempre exigiu saber quem est\u00e1 com quem. O ex-ministro [Jo\u00e3o Roma] teve a coragem de assumir que \u00e9 do presidente. Em 2018, [&hellip;]<\/p>\n","protected":false},"author":992,"featured_media":162659,"comment_status":"open","ping_status":"open","sticky":false,"template":"","format":"standard","meta":{"footnotes":"","_links_to":"","_links_to_target":""},"categories":[14,4],"tags":[],"class_list":["post-162658","post","type-post","status-publish","format-standard","has-post-thumbnail","hentry","category-bahia-geral","category-politica"],"views":551,"_links":{"self":[{"href":"https:\/\/www.politicosdosuldabahia.com.br\/v1\/wp-json\/wp\/v2\/posts\/162658"}],"collection":[{"href":"https:\/\/www.politicosdosuldabahia.com.br\/v1\/wp-json\/wp\/v2\/posts"}],"about":[{"href":"https:\/\/www.politicosdosuldabahia.com.br\/v1\/wp-json\/wp\/v2\/types\/post"}],"author":[{"embeddable":true,"href":"https:\/\/www.politicosdosuldabahia.com.br\/v1\/wp-json\/wp\/v2\/users\/992"}],"replies":[{"embeddable":true,"href":"https:\/\/www.politicosdosuldabahia.com.br\/v1\/wp-json\/wp\/v2\/comments?post=162658"}],"version-history":[{"count":1,"href":"https:\/\/www.politicosdosuldabahia.com.br\/v1\/wp-json\/wp\/v2\/posts\/162658\/revisions"}],"predecessor-version":[{"id":162660,"href":"https:\/\/www.politicosdosuldabahia.com.br\/v1\/wp-json\/wp\/v2\/posts\/162658\/revisions\/162660"}],"wp:featuredmedia":[{"embeddable":true,"href":"https:\/\/www.politicosdosuldabahia.com.br\/v1\/wp-json\/wp\/v2\/media\/162659"}],"wp:attachment":[{"href":"https:\/\/www.politicosdosuldabahia.com.br\/v1\/wp-json\/wp\/v2\/media?parent=162658"}],"wp:term":[{"taxonomy":"category","embeddable":true,"href":"https:\/\/www.politicosdosuldabahia.com.br\/v1\/wp-json\/wp\/v2\/categories?post=162658"},{"taxonomy":"post_tag","embeddable":true,"href":"https:\/\/www.politicosdosuldabahia.com.br\/v1\/wp-json\/wp\/v2\/tags?post=162658"}],"curies":[{"name":"wp","href":"https:\/\/api.w.org\/{rel}","templated":true}]}}