
{"id":162569,"date":"2022-05-16T09:50:14","date_gmt":"2022-05-16T12:50:14","guid":{"rendered":"http:\/\/www.politicosdosuldabahia.com.br\/v1\/?p=162569"},"modified":"2022-05-16T09:50:14","modified_gmt":"2022-05-16T12:50:14","slug":"mais-de-r-10-milhoes-serao-destinados-para-municipios-do-medio-sudoeste-via-convenios-com-o-estado-deputado-rosemberg-celebra","status":"publish","type":"post","link":"https:\/\/www.politicosdosuldabahia.com.br\/v1\/2022\/05\/16\/mais-de-r-10-milhoes-serao-destinados-para-municipios-do-medio-sudoeste-via-convenios-com-o-estado-deputado-rosemberg-celebra\/","title":{"rendered":"MAIS DE R$ 10 MILH\u00d5ES SER\u00c3O DESTINADOS PARA MUNIC\u00cdPIOS DO M\u00c9DIO SUDOESTE VIA CONV\u00caNIOS COM O ESTADO, DEPUTADO ROSEMBERG CELEBRA"},"content":{"rendered":"<p><img loading=\"lazy\" decoding=\"async\" class=\"wp-image-162570 aligncenter\" src=\"http:\/\/www.politicosdosuldabahia.com.br\/v1\/wp-content\/uploads\/2022\/05\/WhatsApp-Image-2022-05-15-at-12.30.06.jpeg\" alt=\"WhatsApp Image 2022-05-15 at 12.30.06\" width=\"455\" height=\"339\" srcset=\"https:\/\/www.politicosdosuldabahia.com.br\/v1\/wp-content\/uploads\/2022\/05\/WhatsApp-Image-2022-05-15-at-12.30.06.jpeg 1145w, https:\/\/www.politicosdosuldabahia.com.br\/v1\/wp-content\/uploads\/2022\/05\/WhatsApp-Image-2022-05-15-at-12.30.06-300x223.jpeg 300w, https:\/\/www.politicosdosuldabahia.com.br\/v1\/wp-content\/uploads\/2022\/05\/WhatsApp-Image-2022-05-15-at-12.30.06-768x572.jpeg 768w, https:\/\/www.politicosdosuldabahia.com.br\/v1\/wp-content\/uploads\/2022\/05\/WhatsApp-Image-2022-05-15-at-12.30.06-1024x763.jpeg 1024w\" sizes=\"(max-width: 455px) 100vw, 455px\" \/><\/p>\n<h3 style=\"text-align: justify\">O deputado estadual Rosemberg Pinto comemorou as parcerias divulgadas no Di\u00e1rio Oficial do Estado da Bahia, deste s\u00e1bado (14), que destinam aproximadamente de R$ 9,5 milh\u00f5es para pavimenta\u00e7\u00e3o de ruas de Ibicu\u00ed, Itamb\u00e9, Itoror\u00f3 e Macarani, al\u00e9m R$ 890 mil para a nova pra\u00e7a Paulo Costa, em Nova Cana\u00e3, via conv\u00eanios entre o Governo do Estado.<\/h3>\n<h3 style=\"text-align: justify\">\u201cRui Costa \u00e9 literalmente um parceiro dos Munic\u00edpios, pois o modelo de realiza\u00e7\u00e3o de obras conveniadas, como estas de pavimenta\u00e7\u00e3o e reforma de pra\u00e7a, exigem menos tempo de execu\u00e7\u00e3o, geram empregos nas cidades e valorizam os im\u00f3veis locais. Tenho satisfa\u00e7\u00e3o em fazer parte deste time, que mais faz pelos baianos e baianas\u201d, afirmou o l\u00edder do governo no Legislativo baiano e principal articulador do M\u00e9dio Sudoeste junto ao Estado, Rosemberg Pinto.<\/h3>\n<h3 style=\"text-align: justify\">\nReceber\u00e3o pavimenta\u00e7\u00e3o em piso intertravado os bairros Felipe Achy (Itamb\u00e9), loteamentos Nova Macarani e Osvaldo Pistola (Macarani), Jo\u00e3o Calixto e Nova Liberdade (Itoror\u00f3), este \u00faltimo logradouro tamb\u00e9m contar\u00e1 com a\u00e7\u00f5es de drenagem profunda.<\/h3>\n<h3 style=\"text-align: justify\">Como complemento do conv\u00eanio firmado no distrito de Ibitup\u00e3, diversas ruas de Ibicu\u00ed tamb\u00e9m ser\u00e3o pavimentadas, enquanto Nova Cana\u00e3 ter\u00e1 o investimento de R$ 890 mil para nova pra\u00e7a de eventos Paulo Costa, no Bairro Florestal.<\/h3>\n<h3 style=\"text-align: justify\">Os conv\u00eanios foram firmados com os Munic\u00edpios via Companhia de Desenvolvimento Urbano do Estado da Bahia (CONDER), empresa p\u00fablica vinculada \u00e0 Secretaria de Desenvolvimento Urbano do Estado da Bahia (Sedur), com prazo m\u00e1ximo de 12 meses.<\/h3>\n","protected":false},"excerpt":{"rendered":"<p>O deputado estadual Rosemberg Pinto comemorou as parcerias divulgadas no Di\u00e1rio Oficial do Estado da Bahia, deste s\u00e1bado (14), que destinam aproximadamente de R$ 9,5 milh\u00f5es para pavimenta\u00e7\u00e3o de ruas de Ibicu\u00ed, Itamb\u00e9, Itoror\u00f3 e Macarani, al\u00e9m R$ 890 mil para a nova pra\u00e7a Paulo Costa, em Nova Cana\u00e3, via conv\u00eanios entre o Governo do [&hellip;]<\/p>\n","protected":false},"author":992,"featured_media":162570,"comment_status":"open","ping_status":"open","sticky":false,"template":"","format":"standard","meta":{"footnotes":"","_links_to":"","_links_to_target":""},"categories":[14],"tags":[],"class_list":["post-162569","post","type-post","status-publish","format-standard","has-post-thumbnail","hentry","category-bahia-geral"],"views":578,"_links":{"self":[{"href":"https:\/\/www.politicosdosuldabahia.com.br\/v1\/wp-json\/wp\/v2\/posts\/162569"}],"collection":[{"href":"https:\/\/www.politicosdosuldabahia.com.br\/v1\/wp-json\/wp\/v2\/posts"}],"about":[{"href":"https:\/\/www.politicosdosuldabahia.com.br\/v1\/wp-json\/wp\/v2\/types\/post"}],"author":[{"embeddable":true,"href":"https:\/\/www.politicosdosuldabahia.com.br\/v1\/wp-json\/wp\/v2\/users\/992"}],"replies":[{"embeddable":true,"href":"https:\/\/www.politicosdosuldabahia.com.br\/v1\/wp-json\/wp\/v2\/comments?post=162569"}],"version-history":[{"count":1,"href":"https:\/\/www.politicosdosuldabahia.com.br\/v1\/wp-json\/wp\/v2\/posts\/162569\/revisions"}],"predecessor-version":[{"id":162571,"href":"https:\/\/www.politicosdosuldabahia.com.br\/v1\/wp-json\/wp\/v2\/posts\/162569\/revisions\/162571"}],"wp:featuredmedia":[{"embeddable":true,"href":"https:\/\/www.politicosdosuldabahia.com.br\/v1\/wp-json\/wp\/v2\/media\/162570"}],"wp:attachment":[{"href":"https:\/\/www.politicosdosuldabahia.com.br\/v1\/wp-json\/wp\/v2\/media?parent=162569"}],"wp:term":[{"taxonomy":"category","embeddable":true,"href":"https:\/\/www.politicosdosuldabahia.com.br\/v1\/wp-json\/wp\/v2\/categories?post=162569"},{"taxonomy":"post_tag","embeddable":true,"href":"https:\/\/www.politicosdosuldabahia.com.br\/v1\/wp-json\/wp\/v2\/tags?post=162569"}],"curies":[{"name":"wp","href":"https:\/\/api.w.org\/{rel}","templated":true}]}}