
{"id":162531,"date":"2022-05-14T07:38:41","date_gmt":"2022-05-14T10:38:41","guid":{"rendered":"http:\/\/www.politicosdosuldabahia.com.br\/v1\/?p=162531"},"modified":"2022-05-14T07:38:41","modified_gmt":"2022-05-14T10:38:41","slug":"una-se-for-preciso-como-o-ex-senador-acm-vou-parar-o-senado-pelos-interesses-da-bahia-diz-caca-leao","status":"publish","type":"post","link":"https:\/\/www.politicosdosuldabahia.com.br\/v1\/2022\/05\/14\/una-se-for-preciso-como-o-ex-senador-acm-vou-parar-o-senado-pelos-interesses-da-bahia-diz-caca-leao\/","title":{"rendered":"UNA: \u2018SE FOR PRECISO, COMO O EX-SENADOR ACM, VOU PARAR O SENADO PELOS INTERESSES DA BAHIA\u2019, DIZ CAC\u00c1 LE\u00c3O"},"content":{"rendered":"<h3 style=\"text-align: justify\"><img loading=\"lazy\" decoding=\"async\" class=\"wp-image-162532 aligncenter\" src=\"http:\/\/www.politicosdosuldabahia.com.br\/v1\/wp-content\/uploads\/2022\/05\/WhatsApp-Image-2022-05-13-at-21.40.15.jpeg\" alt=\"WhatsApp Image 2022-05-13 at 21.40.15\" width=\"455\" height=\"303\" srcset=\"https:\/\/www.politicosdosuldabahia.com.br\/v1\/wp-content\/uploads\/2022\/05\/WhatsApp-Image-2022-05-13-at-21.40.15.jpeg 1280w, https:\/\/www.politicosdosuldabahia.com.br\/v1\/wp-content\/uploads\/2022\/05\/WhatsApp-Image-2022-05-13-at-21.40.15-300x200.jpeg 300w, https:\/\/www.politicosdosuldabahia.com.br\/v1\/wp-content\/uploads\/2022\/05\/WhatsApp-Image-2022-05-13-at-21.40.15-768x511.jpeg 768w, https:\/\/www.politicosdosuldabahia.com.br\/v1\/wp-content\/uploads\/2022\/05\/WhatsApp-Image-2022-05-13-at-21.40.15-1024x682.jpeg 1024w\" sizes=\"(max-width: 455px) 100vw, 455px\" \/><\/h3>\n<h3 style=\"text-align: justify\">Em Una, primeira cidade a ser visitada na agenda ao Sul da Bahia, o deputado federal Cac\u00e1 Le\u00e3o (PP), pr\u00e9-candidato ao Senado, ao lado de ACM Neto (UB), disse que a dupla carrega o DNA pol\u00edtico do vice-governador Jo\u00e3o Le\u00e3o e do ex-senador ACM: \u201cO amor pela Bahia. E \u00e9 isso que queremos resgatar no cora\u00e7\u00e3o do povo baiano\u201d. A viagem iniciou nesta sexta-feira (13) e segue at\u00e9 s\u00e1bado (14), com reuni\u00f5es pol\u00edticas em Itabuna e Itaju\u00edpe.<\/h3>\n<h3 style=\"text-align: justify\">\u201cComo nosso querido ex-senador Ant\u00f4nio Carlos Magalh\u00e3es, se for preciso, eu vou parar os trabalhos daquela casa, para defender os interesses da Bahia e dos baianos\u201d, afirmou Cac\u00e1. O postulante \u00e0 uma vaga no Senado disse ainda ver correr nas veias o amor que Le\u00e3o tem pela Bahia.<\/h3>\n<h3 style=\"text-align: justify\">\u201c\u00c9 com esse sentimento e desejo que eu quero chegar ao Senado, para ajudar ACM Neto a governar a Bahia, para que ele tenha no Senado Federal n\u00e3o s\u00f3 um senador, mas um amigo para representar esse Estado, essa regi\u00e3o que tanto precisa, que tanto j\u00e1 sofreu\u201d, declarou Cac\u00e1.<\/h3>\n<h3 style=\"text-align: justify\">J\u00e1 ACM Neto, pr\u00e9-candidato a governador da Bahia, refor\u00e7ou a parceria com Cac\u00e1 Le\u00e3o e lembrou do av\u00f4: \u201cEu preciso ter um cara que nos defenda no Congresso Nacional, que brigue pela Bahia e que, se necess\u00e1rio, pare tudo. Eu lembro quando ACM, meu av\u00f4, era senador e, se algu\u00e9m mexia com a Bahia, ele na mesma hora parava tudo em Bras\u00edlia\u201d.<\/h3>\n<h3 style=\"text-align: justify\">\u201cA gente agora vai ter um cara jovem, de futuro, de ideias novas, um cara que vai, sem d\u00favida alguma, ser a grande voz da Bahia a partir do pr\u00f3ximo ano no Senado Federal, o meu amigo bonit\u00e3o, deputado Cac\u00e1 Le\u00e3o\u201d, continuou Neto.<\/h3>\n","protected":false},"excerpt":{"rendered":"<p>Em Una, primeira cidade a ser visitada na agenda ao Sul da Bahia, o deputado federal Cac\u00e1 Le\u00e3o (PP), pr\u00e9-candidato ao Senado, ao lado de ACM Neto (UB), disse que a dupla carrega o DNA pol\u00edtico do vice-governador Jo\u00e3o Le\u00e3o e do ex-senador ACM: \u201cO amor pela Bahia. E \u00e9 isso que queremos resgatar no [&hellip;]<\/p>\n","protected":false},"author":992,"featured_media":162532,"comment_status":"open","ping_status":"open","sticky":false,"template":"","format":"standard","meta":{"footnotes":"","_links_to":"","_links_to_target":""},"categories":[14,3,4],"tags":[],"class_list":["post-162531","post","type-post","status-publish","format-standard","has-post-thumbnail","hentry","category-bahia-geral","category-cidades","category-politica"],"views":617,"_links":{"self":[{"href":"https:\/\/www.politicosdosuldabahia.com.br\/v1\/wp-json\/wp\/v2\/posts\/162531"}],"collection":[{"href":"https:\/\/www.politicosdosuldabahia.com.br\/v1\/wp-json\/wp\/v2\/posts"}],"about":[{"href":"https:\/\/www.politicosdosuldabahia.com.br\/v1\/wp-json\/wp\/v2\/types\/post"}],"author":[{"embeddable":true,"href":"https:\/\/www.politicosdosuldabahia.com.br\/v1\/wp-json\/wp\/v2\/users\/992"}],"replies":[{"embeddable":true,"href":"https:\/\/www.politicosdosuldabahia.com.br\/v1\/wp-json\/wp\/v2\/comments?post=162531"}],"version-history":[{"count":1,"href":"https:\/\/www.politicosdosuldabahia.com.br\/v1\/wp-json\/wp\/v2\/posts\/162531\/revisions"}],"predecessor-version":[{"id":162533,"href":"https:\/\/www.politicosdosuldabahia.com.br\/v1\/wp-json\/wp\/v2\/posts\/162531\/revisions\/162533"}],"wp:featuredmedia":[{"embeddable":true,"href":"https:\/\/www.politicosdosuldabahia.com.br\/v1\/wp-json\/wp\/v2\/media\/162532"}],"wp:attachment":[{"href":"https:\/\/www.politicosdosuldabahia.com.br\/v1\/wp-json\/wp\/v2\/media?parent=162531"}],"wp:term":[{"taxonomy":"category","embeddable":true,"href":"https:\/\/www.politicosdosuldabahia.com.br\/v1\/wp-json\/wp\/v2\/categories?post=162531"},{"taxonomy":"post_tag","embeddable":true,"href":"https:\/\/www.politicosdosuldabahia.com.br\/v1\/wp-json\/wp\/v2\/tags?post=162531"}],"curies":[{"name":"wp","href":"https:\/\/api.w.org\/{rel}","templated":true}]}}