
{"id":162413,"date":"2022-05-11T10:18:43","date_gmt":"2022-05-11T13:18:43","guid":{"rendered":"http:\/\/www.politicosdosuldabahia.com.br\/v1\/?p=162413"},"modified":"2022-05-11T10:18:43","modified_gmt":"2022-05-11T13:18:43","slug":"bahia-em-15-anos-investimento-do-governo-em-seguranca-publica-nao-chegou-a-5-na-bahia","status":"publish","type":"post","link":"https:\/\/www.politicosdosuldabahia.com.br\/v1\/2022\/05\/11\/bahia-em-15-anos-investimento-do-governo-em-seguranca-publica-nao-chegou-a-5-na-bahia\/","title":{"rendered":"BAHIA: EM 15 ANOS, INVESTIMENTO DO GOVERNO EM SEGURAN\u00c7A P\u00daBLICA N\u00c3O CHEGOU A 5% NA BAHIA"},"content":{"rendered":"<h3 style=\"text-align: justify\"><img loading=\"lazy\" decoding=\"async\" class=\"aligncenter wp-image-162414\" src=\"http:\/\/www.politicosdosuldabahia.com.br\/v1\/wp-content\/uploads\/2022\/05\/WhatsApp-Image-2022-05-10-at-18.27.38.jpeg\" alt=\"WhatsApp Image 2022-05-10 at 18.27.38\" width=\"455\" height=\"300\" srcset=\"https:\/\/www.politicosdosuldabahia.com.br\/v1\/wp-content\/uploads\/2022\/05\/WhatsApp-Image-2022-05-10-at-18.27.38.jpeg 706w, https:\/\/www.politicosdosuldabahia.com.br\/v1\/wp-content\/uploads\/2022\/05\/WhatsApp-Image-2022-05-10-at-18.27.38-300x198.jpeg 300w\" sizes=\"(max-width: 455px) 100vw, 455px\" \/><br \/>\nO investimento m\u00e9dio em seguran\u00e7a p\u00fablica na Bahia n\u00e3o chegou nem a 5% nos \u00faltimos 15 anos, per\u00edodo em que o estado esteve sob gest\u00f5es do PT.<\/h3>\n<h3 style=\"text-align: justify\">De 2007, in\u00edcio do governo Jaques Wagner, at\u00e9 2021, o investimento no setor correspondeu apenas a 4,07% do aporte total do Estado. Em n\u00fameros absolutos, ao longo de quatro mandatos, o governo aplicou R$ 1.3 bilh\u00e3o, diante de um montante geral de R$ 32,6 bilh\u00f5es.<\/h3>\n<h3 style=\"text-align: justify\">No governo Rui Costa, a m\u00e9dia foi ainda pior e caiu para 3,40% do total de despesas em investimento. De 2015 a 2021, o governo s\u00f3 investiu R$ 662.142 milh\u00f5es no universo de R$ 19.462.772 bilh\u00f5es. Os dados s\u00e3o da plataforma Fiplan\/Balan\u00e7o do Estado.<\/h3>\n<h3 style=\"text-align: justify\">\u201cIsso mostra que o PT nunca deu prioridade \u00e0 quest\u00e3o da seguran\u00e7a p\u00fablica e prote\u00e7\u00e3o dos baianos. O caos na seguran\u00e7a \u00e9 um problema cr\u00f4nico que o PT n\u00e3o conseguiu e nem consegue resolver\u201d, disse, nesta ter\u00e7a-feira (10), o deputado estadual Sandro R\u00e9gis, l\u00edder da bancada de Oposi\u00e7\u00e3o na Assembleia Legislativa da Bahia (AL-BA).<\/h3>\n<h3 style=\"text-align: justify\">No \u00faltimo final de semana, tr\u00eas policiais militares foram assassinados em menos de 24 horas. No s\u00e1bado (7), o soldado Alexandre Jos\u00e9 Ferreira Menezes Silva, de 30 anos, levou um tiro na cabe\u00e7a enquanto trabalhava no bairro de \u00c1guas Claras e morreu a caminho do hospital. Outros dois policiais, Victor Vieira Ferreira Cruz e Shanderson Lopes Ferreira, foram assassinados no domingo (8), na regi\u00e3o de Cajazeiras, quando voltavam do sepultamento de Alexandre.<\/h3>\n<h3 style=\"text-align: justify\">\u201cA popula\u00e7\u00e3o est\u00e1 completamente apavorada porque a ousadia dos bandidos \u00e9 tanta que agora at\u00e9 os policiais viraram alvos\u201d, pontua o deputado Sandro R\u00e9gis, ao lamentar a onda de viol\u00eancia que se alastrou na Bahia.<\/h3>\n<h3 style=\"text-align: justify\">Por causa dos ataques e da inseguran\u00e7a, pelo menos 16 escolas (duas estaduais e 14 municipais) da regi\u00e3o de Cajazeiras est\u00e3o sem aulas desde a segunda-feira (9).<\/h3>\n<h3 style=\"text-align: justify\">\u201cA realidade \u00e9 que o PT perdeu a guerra contra a criminalidade, abandonou as for\u00e7as de seguran\u00e7a da Bahia e quem paga o pato \u00e9 a popula\u00e7\u00e3o\u201d, diz o parlamentar l\u00edder da oposi\u00e7\u00e3o.<\/h3>\n<h3 style=\"text-align: justify\">Muitas cidades do interior contam apenas com dois policiais ou \u00e0s vezes nenhum. Somam-se a isso den\u00fancias da falta de equipamentos e at\u00e9 combust\u00edveis para as viaturas.<\/h3>\n<h3 style=\"text-align: justify\">\u201cAgora, na boca da elei\u00e7\u00e3o, o governador fica prometendo fazer concurso e comprar armas. \u00c9 uma a\u00e7\u00e3o meramente eleitoreira e a Bahia est\u00e1 cansada disso\u201d, sustenta Sandro R\u00e9gis.<\/h3>\n","protected":false},"excerpt":{"rendered":"<p>O investimento m\u00e9dio em seguran\u00e7a p\u00fablica na Bahia n\u00e3o chegou nem a 5% nos \u00faltimos 15 anos, per\u00edodo em que o estado esteve sob gest\u00f5es do PT. De 2007, in\u00edcio do governo Jaques Wagner, at\u00e9 2021, o investimento no setor correspondeu apenas a 4,07% do aporte total do Estado. Em n\u00fameros absolutos, ao longo de [&hellip;]<\/p>\n","protected":false},"author":992,"featured_media":162414,"comment_status":"open","ping_status":"open","sticky":false,"template":"","format":"standard","meta":{"footnotes":"","_links_to":"","_links_to_target":""},"categories":[14],"tags":[],"class_list":["post-162413","post","type-post","status-publish","format-standard","has-post-thumbnail","hentry","category-bahia-geral"],"views":628,"_links":{"self":[{"href":"https:\/\/www.politicosdosuldabahia.com.br\/v1\/wp-json\/wp\/v2\/posts\/162413"}],"collection":[{"href":"https:\/\/www.politicosdosuldabahia.com.br\/v1\/wp-json\/wp\/v2\/posts"}],"about":[{"href":"https:\/\/www.politicosdosuldabahia.com.br\/v1\/wp-json\/wp\/v2\/types\/post"}],"author":[{"embeddable":true,"href":"https:\/\/www.politicosdosuldabahia.com.br\/v1\/wp-json\/wp\/v2\/users\/992"}],"replies":[{"embeddable":true,"href":"https:\/\/www.politicosdosuldabahia.com.br\/v1\/wp-json\/wp\/v2\/comments?post=162413"}],"version-history":[{"count":1,"href":"https:\/\/www.politicosdosuldabahia.com.br\/v1\/wp-json\/wp\/v2\/posts\/162413\/revisions"}],"predecessor-version":[{"id":162415,"href":"https:\/\/www.politicosdosuldabahia.com.br\/v1\/wp-json\/wp\/v2\/posts\/162413\/revisions\/162415"}],"wp:featuredmedia":[{"embeddable":true,"href":"https:\/\/www.politicosdosuldabahia.com.br\/v1\/wp-json\/wp\/v2\/media\/162414"}],"wp:attachment":[{"href":"https:\/\/www.politicosdosuldabahia.com.br\/v1\/wp-json\/wp\/v2\/media?parent=162413"}],"wp:term":[{"taxonomy":"category","embeddable":true,"href":"https:\/\/www.politicosdosuldabahia.com.br\/v1\/wp-json\/wp\/v2\/categories?post=162413"},{"taxonomy":"post_tag","embeddable":true,"href":"https:\/\/www.politicosdosuldabahia.com.br\/v1\/wp-json\/wp\/v2\/tags?post=162413"}],"curies":[{"name":"wp","href":"https:\/\/api.w.org\/{rel}","templated":true}]}}