
{"id":162313,"date":"2022-05-07T18:55:32","date_gmt":"2022-05-07T21:55:32","guid":{"rendered":"http:\/\/www.politicosdosuldabahia.com.br\/v1\/?p=162313"},"modified":"2022-05-07T18:55:52","modified_gmt":"2022-05-07T21:55:52","slug":"roma-anuncia-criacao-de-secretaria-do-semiarido-caso-eleito-governador","status":"publish","type":"post","link":"https:\/\/www.politicosdosuldabahia.com.br\/v1\/2022\/05\/07\/roma-anuncia-criacao-de-secretaria-do-semiarido-caso-eleito-governador\/","title":{"rendered":"ROMA ANUNCIA CRIA\u00c7\u00c3O DE SECRETARIA DO SEMI\u00c1RIDO, CASO ELEITO GOVERNADOR"},"content":{"rendered":"<h3 style=\"text-align: justify\"><img loading=\"lazy\" decoding=\"async\" class=\"size-full wp-image-162314 aligncenter\" src=\"http:\/\/www.politicosdosuldabahia.com.br\/v1\/wp-content\/uploads\/2022\/05\/WhatsApp-Image-2022-05-07-at-13.30.10.jpeg\" alt=\"WhatsApp Image 2022-05-07 at 13.30.10\" width=\"455\" height=\"303\" srcset=\"https:\/\/www.politicosdosuldabahia.com.br\/v1\/wp-content\/uploads\/2022\/05\/WhatsApp-Image-2022-05-07-at-13.30.10.jpeg 455w, https:\/\/www.politicosdosuldabahia.com.br\/v1\/wp-content\/uploads\/2022\/05\/WhatsApp-Image-2022-05-07-at-13.30.10-300x200.jpeg 300w\" sizes=\"(max-width: 455px) 100vw, 455px\" \/><br \/>\n\u201cGovernar \u00e9 ter prioridades. E o Semi\u00e1rido ser\u00e1 uma das minhas prioridades. Criarei a Secretaria do Semi\u00e1rido, caso seja eleito governador da Bahia\u201d, anunciou o pr\u00e9-candidato a governador, ex-ministro da Cidadania e deputado federal, Jo\u00e3o Roma (PL), em entrevista transmitida pelas r\u00e1dios L\u00edder, de Jacobina e Irec\u00ea, e RB, de Ruy Barbosa, na manh\u00e3 deste s\u00e1bado (07).<\/h3>\n<h3 style=\"text-align: justify\">O objetivo da medida, segundo Roma, \u00e9 mudar o paradigma do Semi\u00e1rido, com a cria\u00e7\u00e3o de muitas oportunidades de trabalho e renda para os milh\u00f5es de baianos e baianas que convivem com a escassez de \u00e1gua na maior parte do territ\u00f3rio da Bahia. \u201cVamos acabar com o jogo de empurra de governos que nunca buscaram objetivamente solu\u00e7\u00f5es para melhorar a qualidade de vida nessa regi\u00e3o cheia de potencialidades\u201d.<\/h3>\n<h3 style=\"text-align: justify\">O pr\u00e9-candidato bolsonarista citou a falta de extens\u00e3o rural aos pequenos produtores rurais que, assim, ficam sem acesso a tecnologias e cr\u00e9dito para desenvolverem suas atividades agr\u00edcolas, al\u00e9m de sofrerem com a burocracia e amarras para a concess\u00e3o de outorgas de \u00e1gua. \u201cO descaso \u00e9 total. Vamos mudar o destino do sertanejo e da sertaneja que vivem no Semi\u00e1rido da Bahia\u201d.<\/h3>\n<h3 style=\"text-align: justify\">Para Jo\u00e3o Roma, a ideia do sertanejo forte ficou famosa na obra \u201cOs Sert\u00f5es\u02dc, do escritor Euclides da Cunha, pela capacidade de sobreviv\u00eancia \u00e0s adversidades da falta de \u00e1gua. \u201cCom a Secretaria do Semi\u00e1rido, vamos transformar o sertanejo forte em tamb\u00e9m um vencedor, que ter\u00e1 a seu favor todos os avan\u00e7os tecnol\u00f3gicos para, enfim, o Sert\u00e3o virar um mar de prosperidade e oportunidades\u201d.<\/h3>\n<h3 style=\"text-align: justify\">O ex-ministro da Cidadania amparou a sua proposta no que j\u00e1 vem sendo realizado pelo governo Bolsonaro. \u201cO presidente Bolsonaro tem sido toda a diferen\u00e7a para aqueles que vivem no Semi\u00e1rido. A \u00e1gua da Transposi\u00e7\u00e3o do Rio S\u00e3o Francisco j\u00e1 chegou ao Rio Grande do Norte, chega ao Cear\u00e1 e, brevemente, chegar\u00e1 a Bahia, porque Bolsonaro j\u00e1 autorizou o Canal do Sert\u00e3o Baiano, que vai perenizar v\u00e1rios rios baianos\u201d.<\/h3>\n<h3 style=\"text-align: justify\">Roma tamb\u00e9m voltou a falar do Canal da Reden\u00e7\u00e3o, projeto que j\u00e1 vem sendo estudado pelo governo federal para ser o novo eixo da Transposi\u00e7\u00e3o na Bahia. \u201cEssa iniciativa vai levar \u00e1gua ao Plat\u00f4 de Irec\u00ea e transformar essa regi\u00e3o na nova fronteira agr\u00edcola do Brasil\u201d, afirmou, destacando ainda o compromisso que tem com a desonera\u00e7\u00e3o do setor produtivo.<\/h3>\n<h3 style=\"text-align: justify\">\u201cOutra prioridade que tenho, sendo eleito governador da Bahia, \u00e9 desonerar o setor produtivo, que \u00e9 quem gera emprego e renda para a popula\u00e7\u00e3o\u201d, disse o pr\u00e9-candidato liberal, observando que os seus advers\u00e1rios s\u00e3o m\u00e3os pesadas na quest\u00e3o de tributos. \u201cO governo do PT n\u00e3o abriu m\u00e3o de reduzir o ICMS dos combust\u00edveis e o ex-prefeito de Salvador, ACM Neto, pesou no IPTU e no arrocho aos empres\u00e1rios de Salvador\u201d.<\/h3>\n","protected":false},"excerpt":{"rendered":"<p>\u201cGovernar \u00e9 ter prioridades. E o Semi\u00e1rido ser\u00e1 uma das minhas prioridades. Criarei a Secretaria do Semi\u00e1rido, caso seja eleito governador da Bahia\u201d, anunciou o pr\u00e9-candidato a governador, ex-ministro da Cidadania e deputado federal, Jo\u00e3o Roma (PL), em entrevista transmitida pelas r\u00e1dios L\u00edder, de Jacobina e Irec\u00ea, e RB, de Ruy Barbosa, na manh\u00e3 deste [&hellip;]<\/p>\n","protected":false},"author":992,"featured_media":162314,"comment_status":"open","ping_status":"open","sticky":false,"template":"","format":"standard","meta":{"footnotes":"","_links_to":"","_links_to_target":""},"categories":[14],"tags":[],"class_list":["post-162313","post","type-post","status-publish","format-standard","has-post-thumbnail","hentry","category-bahia-geral"],"views":521,"_links":{"self":[{"href":"https:\/\/www.politicosdosuldabahia.com.br\/v1\/wp-json\/wp\/v2\/posts\/162313"}],"collection":[{"href":"https:\/\/www.politicosdosuldabahia.com.br\/v1\/wp-json\/wp\/v2\/posts"}],"about":[{"href":"https:\/\/www.politicosdosuldabahia.com.br\/v1\/wp-json\/wp\/v2\/types\/post"}],"author":[{"embeddable":true,"href":"https:\/\/www.politicosdosuldabahia.com.br\/v1\/wp-json\/wp\/v2\/users\/992"}],"replies":[{"embeddable":true,"href":"https:\/\/www.politicosdosuldabahia.com.br\/v1\/wp-json\/wp\/v2\/comments?post=162313"}],"version-history":[{"count":2,"href":"https:\/\/www.politicosdosuldabahia.com.br\/v1\/wp-json\/wp\/v2\/posts\/162313\/revisions"}],"predecessor-version":[{"id":162316,"href":"https:\/\/www.politicosdosuldabahia.com.br\/v1\/wp-json\/wp\/v2\/posts\/162313\/revisions\/162316"}],"wp:featuredmedia":[{"embeddable":true,"href":"https:\/\/www.politicosdosuldabahia.com.br\/v1\/wp-json\/wp\/v2\/media\/162314"}],"wp:attachment":[{"href":"https:\/\/www.politicosdosuldabahia.com.br\/v1\/wp-json\/wp\/v2\/media?parent=162313"}],"wp:term":[{"taxonomy":"category","embeddable":true,"href":"https:\/\/www.politicosdosuldabahia.com.br\/v1\/wp-json\/wp\/v2\/categories?post=162313"},{"taxonomy":"post_tag","embeddable":true,"href":"https:\/\/www.politicosdosuldabahia.com.br\/v1\/wp-json\/wp\/v2\/tags?post=162313"}],"curies":[{"name":"wp","href":"https:\/\/api.w.org\/{rel}","templated":true}]}}