
{"id":162092,"date":"2022-05-01T12:29:35","date_gmt":"2022-05-01T15:29:35","guid":{"rendered":"http:\/\/www.politicosdosuldabahia.com.br\/v1\/?p=162092"},"modified":"2022-05-01T12:29:35","modified_gmt":"2022-05-01T15:29:35","slug":"empresarios-baianos-fazem-evento-de-apoio-a-pre-candidatura-de-roma","status":"publish","type":"post","link":"https:\/\/www.politicosdosuldabahia.com.br\/v1\/2022\/05\/01\/empresarios-baianos-fazem-evento-de-apoio-a-pre-candidatura-de-roma\/","title":{"rendered":"EMPRES\u00c1RIOS BAIANOS FAZEM EVENTO DE APOIO \u00c0 PR\u00c9-CANDIDATURA DE ROMA"},"content":{"rendered":"<h3 style=\"text-align: justify\"><img loading=\"lazy\" decoding=\"async\" class=\"aligncenter wp-image-162093\" src=\"http:\/\/www.politicosdosuldabahia.com.br\/v1\/wp-content\/uploads\/2022\/05\/WhatsApp-Image-2022-04-29-at-15.56.48.jpeg\" alt=\"WhatsApp Image 2022-04-29 at 15.56.48\" width=\"455\" height=\"303\" srcset=\"https:\/\/www.politicosdosuldabahia.com.br\/v1\/wp-content\/uploads\/2022\/05\/WhatsApp-Image-2022-04-29-at-15.56.48.jpeg 1024w, https:\/\/www.politicosdosuldabahia.com.br\/v1\/wp-content\/uploads\/2022\/05\/WhatsApp-Image-2022-04-29-at-15.56.48-300x200.jpeg 300w, https:\/\/www.politicosdosuldabahia.com.br\/v1\/wp-content\/uploads\/2022\/05\/WhatsApp-Image-2022-04-29-at-15.56.48-768x512.jpeg 768w\" sizes=\"(max-width: 455px) 100vw, 455px\" \/><\/h3>\n<h3 style=\"text-align: justify\">O pr\u00e9-candidato a governador da Bahia, ex-ministro e deputado federal Jo\u00e3o Roma (PL), se reuniu com empres\u00e1rios baianos em almo\u00e7o de ades\u00e3o no restaurante Ferreiro, no Salvador Shopping, nesta sexta-feira (29).<\/h3>\n<h3 style=\"text-align: justify\">O ambiente desfavor\u00e1vel aos neg\u00f3cios no estado e na capital pautou o encontro com a presen\u00e7a de centenas de empreendedores.<\/h3>\n<h3 style=\"text-align: justify\">Ao lado da pr\u00e9-candidata a deputada federal Roberta Roma (PL), o ex-ministro da Cidadania reiterou o seu compromisso de colocar a Bahia de m\u00e3os dadas com o Brasil.<\/h3>\n<h3 style=\"text-align: justify\">\u201cA exemplo do que vem fazendo o presidente Bolsonaro no Brasil, vamos desonerar o setor produtivo na Bahia\u201d, afirmou Roma.<\/h3>\n<h3 style=\"text-align: justify\">Recuperar o protagonismo do estado baiano no cen\u00e1rio nacional \u00e9 o objetivo do pr\u00e9-candidato bolsonarista.<\/h3>\n<h3 style=\"text-align: justify\">\u201cVamos promover o desenvolvimento social e econ\u00f4mico de m\u00e3os dadas com o setor produtivo e o povo da Bahia\u201d, asseverou Jo\u00e3o Roma, que tamb\u00e9m estava acompanhado dos pr\u00e9-candidatos a deputados estaduais V\u00edtor Azevedo e Rosalvinho.<\/h3>\n","protected":false},"excerpt":{"rendered":"<p>O pr\u00e9-candidato a governador da Bahia, ex-ministro e deputado federal Jo\u00e3o Roma (PL), se reuniu com empres\u00e1rios baianos em almo\u00e7o de ades\u00e3o no restaurante Ferreiro, no Salvador Shopping, nesta sexta-feira (29). O ambiente desfavor\u00e1vel aos neg\u00f3cios no estado e na capital pautou o encontro com a presen\u00e7a de centenas de empreendedores. Ao lado da pr\u00e9-candidata [&hellip;]<\/p>\n","protected":false},"author":992,"featured_media":162093,"comment_status":"open","ping_status":"open","sticky":false,"template":"","format":"standard","meta":{"footnotes":"","_links_to":"","_links_to_target":""},"categories":[14],"tags":[],"class_list":["post-162092","post","type-post","status-publish","format-standard","has-post-thumbnail","hentry","category-bahia-geral"],"views":580,"_links":{"self":[{"href":"https:\/\/www.politicosdosuldabahia.com.br\/v1\/wp-json\/wp\/v2\/posts\/162092"}],"collection":[{"href":"https:\/\/www.politicosdosuldabahia.com.br\/v1\/wp-json\/wp\/v2\/posts"}],"about":[{"href":"https:\/\/www.politicosdosuldabahia.com.br\/v1\/wp-json\/wp\/v2\/types\/post"}],"author":[{"embeddable":true,"href":"https:\/\/www.politicosdosuldabahia.com.br\/v1\/wp-json\/wp\/v2\/users\/992"}],"replies":[{"embeddable":true,"href":"https:\/\/www.politicosdosuldabahia.com.br\/v1\/wp-json\/wp\/v2\/comments?post=162092"}],"version-history":[{"count":1,"href":"https:\/\/www.politicosdosuldabahia.com.br\/v1\/wp-json\/wp\/v2\/posts\/162092\/revisions"}],"predecessor-version":[{"id":162094,"href":"https:\/\/www.politicosdosuldabahia.com.br\/v1\/wp-json\/wp\/v2\/posts\/162092\/revisions\/162094"}],"wp:featuredmedia":[{"embeddable":true,"href":"https:\/\/www.politicosdosuldabahia.com.br\/v1\/wp-json\/wp\/v2\/media\/162093"}],"wp:attachment":[{"href":"https:\/\/www.politicosdosuldabahia.com.br\/v1\/wp-json\/wp\/v2\/media?parent=162092"}],"wp:term":[{"taxonomy":"category","embeddable":true,"href":"https:\/\/www.politicosdosuldabahia.com.br\/v1\/wp-json\/wp\/v2\/categories?post=162092"},{"taxonomy":"post_tag","embeddable":true,"href":"https:\/\/www.politicosdosuldabahia.com.br\/v1\/wp-json\/wp\/v2\/tags?post=162092"}],"curies":[{"name":"wp","href":"https:\/\/api.w.org\/{rel}","templated":true}]}}