
{"id":162051,"date":"2022-04-29T11:13:58","date_gmt":"2022-04-29T14:13:58","guid":{"rendered":"http:\/\/www.politicosdosuldabahia.com.br\/v1\/?p=162051"},"modified":"2022-04-29T11:13:58","modified_gmt":"2022-04-29T14:13:58","slug":"bahia-secretaria-da-educacao-do-estado-realiza-inscricoes-ate-9-de-maio-para-43-cursos-de-qualificacao-profissional","status":"publish","type":"post","link":"https:\/\/www.politicosdosuldabahia.com.br\/v1\/2022\/04\/29\/bahia-secretaria-da-educacao-do-estado-realiza-inscricoes-ate-9-de-maio-para-43-cursos-de-qualificacao-profissional\/","title":{"rendered":"BAHIA: SECRETARIA DA EDUCA\u00c7\u00c3O  DO ESTADO REALIZA INSCRI\u00c7\u00d5ES AT\u00c9 9 DE MAIO PARA 43 CURSOS DE QUALIFICA\u00c7\u00c3O PROFISSIONAL"},"content":{"rendered":"<div><\/div>\n<h3 style=\"text-align: justify\"><\/h3>\n<h3 style=\"text-align: justify\"><img loading=\"lazy\" decoding=\"async\" class=\"size-full wp-image-162052 aligncenter\" src=\"http:\/\/www.politicosdosuldabahia.com.br\/v1\/wp-content\/uploads\/2022\/04\/WhatsApp-Image-2022-04-29-at-08.49.07.jpeg\" alt=\"WhatsApp Image 2022-04-29 at 08.49.07\" width=\"483\" height=\"322\" srcset=\"https:\/\/www.politicosdosuldabahia.com.br\/v1\/wp-content\/uploads\/2022\/04\/WhatsApp-Image-2022-04-29-at-08.49.07.jpeg 483w, https:\/\/www.politicosdosuldabahia.com.br\/v1\/wp-content\/uploads\/2022\/04\/WhatsApp-Image-2022-04-29-at-08.49.07-300x200.jpeg 300w\" sizes=\"(max-width: 483px) 100vw, 483px\" \/><\/h3>\n<h3 style=\"text-align: justify\">A Secretaria da Educa\u00e7\u00e3o do Estado (SEC) segue com inscri\u00e7\u00f5es abertas, at\u00e9 9 de maio, para a nova etapa do programa Educar para Trabalhar, que oferta 110.459 vagas gratuitas, de 43 cursos de qualifica\u00e7\u00e3o profissional ou de Forma\u00e7\u00e3o Inicial e Continuada (FIC), na modalidade de ensino n\u00e3o presencial de Educa\u00e7\u00e3o \u00e0 Dist\u00e2ncia (EAD), de 10 Eixos Tecnol\u00f3gicos. Os interessados devem acessar o formul\u00e1rio eletr\u00f4nico, dispon\u00edvel no Portal da Educa\u00e7\u00e3o (<a href=\"http:\/\/www.educacao.ba.gov.br\/\" target=\"_blank\">www.educacao.ba.gov.br<\/a>).<\/p>\n<p>Veja o edital aqui:\u00a0<a href=\"https:\/\/bit.ly\/3LAvZSv\" target=\"_blank\">https:\/\/bit.ly\/3LAvZSv<\/a><\/p>\n<p>Se inscreva aqui:\u00a0<a href=\"http:\/\/educarparatrabalhar.educacao.ba.gov.br\/login\" target=\"_blank\">http:\/\/educarparatrabalhar.educacao.ba.gov.br\/login<\/a><\/p>\n<p>As vagas s\u00e3o destinadas a estudantes e egressos do Ensino M\u00e9dio ou dos cursos t\u00e9cnicos de n\u00edvel m\u00e9dio da rede estadual de ensino. Os cursos ofertados s\u00e3o: Almoxarife , Administrador de Bancos de Dados; Assistente Administrativo; Assistente de Contabilidade ; Auxiliar de Laborat\u00f3rio de Microbiologia ; Agricultor Agroflorestal; Assistente de Recursos Humanos ; Agente Cultural; Agente de Gest\u00e3o de Res\u00edduos S\u00f3lidos; Agente de Informa\u00e7\u00f5es Tur\u00edsticas; Almoxarife de Obras; Assistente de Log\u00edstica; Auxiliar Administrativo Rural ; Auxiliar Agropecu\u00e1rio ; Auxiliar em Agricultura de Precis\u00e3o ; Bovinocultor de Leite; \u00a0Bovinocultor de Corte ; Cerimonialista; Controlador e Programador de Produ\u00e7\u00e3o; Desenvolvedor de Jogos Eletr\u00f4nicos; Desenhista da Constru\u00e7\u00e3o Civil ; Desenhista de M\u00f3veis ; Desenhista de Produtos Gr\u00e1ficos WEB ; Desenhista Mec\u00e2nico ; Instalador e Reparador de Redes de Computadores ; Montador e Reparador de Microcomputadores; \u00a0Organizador de Eventos; Produtor Cultural; Programador de Dispositivos M\u00f3veis; Programador de Sistemas; Programador Web; Recepcionista em Servi\u00e7os de Sa\u00fade; Representante Comercial; Vitrinista; Inspetor de Qualidade; Operador de Processamento de Gr\u00e3os e Cereais Operador de Processamento de Frutas e Hortali\u00e7as ; Operador de Processos Qu\u00edmicos Industriais; Operador de Tratamento de \u00c1guas e Efluentes; Operador em Petr\u00f3leo e G\u00e1s; Auxiliar em Agroecologia; Vitrinista; e Padeiro.<\/p>\n<p>O ingresso nos cursos ocorrer\u00e1 por sorteio eletr\u00f4nico, de modo aleat\u00f3rio e equitativo, de car\u00e1ter classificat\u00f3rio, que ser\u00e1 realizado no dia 10 de maio. No mesmo dia ser\u00e1 divulgado o resultado parcial da lista de classificados. O resultado final ser\u00e1 publicado no dia 13 de maio, as matr\u00edculas acontecer\u00e3o de 14 a 22 de maio e as aulas est\u00e3o programadas para iniciar no dia 23 de maio. As atividades do Educar para Trabalhar s\u00e3o desenvolvidas em parceria com o Servi\u00e7o Nacional de Aprendizagem Comercial (SENAC); o Servi\u00e7o Nacional de Aprendizagem industrial (SENAI); e o Servi\u00e7o Nacional de Aprendizagem Rural (SENAR), sendo os mesmos respons\u00e1veis pela presta\u00e7\u00e3o dos servi\u00e7os educacionais.<\/p>\n<p>Para ingresso nos cursos, os interessados devem ser residente e domiciliado(a) no Estado da Bahia; possuir registro de matr\u00edcula junto \u00e0 Secretaria da Educa\u00e7\u00e3o do Estado da Bahia; possuir Cadastro de Pessoas F\u00edsicas (CPF) v\u00e1lido; ser estudante regularmente matriculado no Ensino M\u00e9dio ou nos cursos t\u00e9cnicos de n\u00edvel m\u00e9dio da rede p\u00fablica estadual no ano letivo de 2022 ou egressos do Ensino M\u00e9dio ou dos cursos t\u00e9cnicos de n\u00edvel m\u00e9dio da rede p\u00fablica estadual que tenham conclu\u00eddos os estudos no per\u00edodo de 2016 a 2021; e possuir documenta\u00e7\u00e3o pessoal e registro de matr\u00edcula atualizados junto \u00e0 unidade escolar na qual est\u00e1 ou esteve matriculado.<\/p>\n<p>Ao todo, o programa Educar para Trabalhar ofertou, desde 2021, 200 mil vagas como parte da pol\u00edtica de expans\u00e3o da oferta da Educa\u00e7\u00e3o Profissional e Tecnol\u00f3gica pelo governo do Estado, segundo destacou o superintendente de Educa\u00e7\u00e3o Profissional e Tecnol\u00f3gica da SEC, Ezequiel Westphan. &#8220;Estamos dando continuidade a pol\u00edtica de qualifica\u00e7\u00e3o profissional dos estudantes e egressos da rede estadual como parte da forma\u00e7\u00e3o cidad\u00e3 e de inser\u00e7\u00e3o no mundo do trabalho promovida pelo governo do Estado&#8221;.<\/h3>\n","protected":false},"excerpt":{"rendered":"<p>A Secretaria da Educa\u00e7\u00e3o do Estado (SEC) segue com inscri\u00e7\u00f5es abertas, at\u00e9 9 de maio, para a nova etapa do programa Educar para Trabalhar, que oferta 110.459 vagas gratuitas, de 43 cursos de qualifica\u00e7\u00e3o profissional ou de Forma\u00e7\u00e3o Inicial e Continuada (FIC), na modalidade de ensino n\u00e3o presencial de Educa\u00e7\u00e3o \u00e0 Dist\u00e2ncia (EAD), de 10 [&hellip;]<\/p>\n","protected":false},"author":992,"featured_media":162052,"comment_status":"open","ping_status":"open","sticky":false,"template":"","format":"standard","meta":{"footnotes":"","_links_to":"","_links_to_target":""},"categories":[14],"tags":[],"class_list":["post-162051","post","type-post","status-publish","format-standard","has-post-thumbnail","hentry","category-bahia-geral"],"views":673,"_links":{"self":[{"href":"https:\/\/www.politicosdosuldabahia.com.br\/v1\/wp-json\/wp\/v2\/posts\/162051"}],"collection":[{"href":"https:\/\/www.politicosdosuldabahia.com.br\/v1\/wp-json\/wp\/v2\/posts"}],"about":[{"href":"https:\/\/www.politicosdosuldabahia.com.br\/v1\/wp-json\/wp\/v2\/types\/post"}],"author":[{"embeddable":true,"href":"https:\/\/www.politicosdosuldabahia.com.br\/v1\/wp-json\/wp\/v2\/users\/992"}],"replies":[{"embeddable":true,"href":"https:\/\/www.politicosdosuldabahia.com.br\/v1\/wp-json\/wp\/v2\/comments?post=162051"}],"version-history":[{"count":1,"href":"https:\/\/www.politicosdosuldabahia.com.br\/v1\/wp-json\/wp\/v2\/posts\/162051\/revisions"}],"predecessor-version":[{"id":162053,"href":"https:\/\/www.politicosdosuldabahia.com.br\/v1\/wp-json\/wp\/v2\/posts\/162051\/revisions\/162053"}],"wp:featuredmedia":[{"embeddable":true,"href":"https:\/\/www.politicosdosuldabahia.com.br\/v1\/wp-json\/wp\/v2\/media\/162052"}],"wp:attachment":[{"href":"https:\/\/www.politicosdosuldabahia.com.br\/v1\/wp-json\/wp\/v2\/media?parent=162051"}],"wp:term":[{"taxonomy":"category","embeddable":true,"href":"https:\/\/www.politicosdosuldabahia.com.br\/v1\/wp-json\/wp\/v2\/categories?post=162051"},{"taxonomy":"post_tag","embeddable":true,"href":"https:\/\/www.politicosdosuldabahia.com.br\/v1\/wp-json\/wp\/v2\/tags?post=162051"}],"curies":[{"name":"wp","href":"https:\/\/api.w.org\/{rel}","templated":true}]}}