
{"id":162020,"date":"2022-04-28T13:48:59","date_gmt":"2022-04-28T16:48:59","guid":{"rendered":"http:\/\/www.politicosdosuldabahia.com.br\/v1\/?p=162020"},"modified":"2022-04-28T13:49:06","modified_gmt":"2022-04-28T16:49:06","slug":"o-pt-tem-o-setor-produtivo-como-adversario-diz-roma","status":"publish","type":"post","link":"https:\/\/www.politicosdosuldabahia.com.br\/v1\/2022\/04\/28\/o-pt-tem-o-setor-produtivo-como-adversario-diz-roma\/","title":{"rendered":"\u201cO PT TEM O SETOR PRODUTIVO COMO ADVERS\u00c1RIO\u201d, DIZ ROMA"},"content":{"rendered":"<h3 style=\"text-align: justify\"><img loading=\"lazy\" decoding=\"async\" class=\"aligncenter wp-image-162021\" src=\"http:\/\/www.politicosdosuldabahia.com.br\/v1\/wp-content\/uploads\/2022\/04\/WhatsApp-Image-2022-04-27-at-17.13.43.jpeg\" alt=\"WhatsApp Image 2022-04-27 at 17.13.43\" width=\"455\" height=\"288\" srcset=\"https:\/\/www.politicosdosuldabahia.com.br\/v1\/wp-content\/uploads\/2022\/04\/WhatsApp-Image-2022-04-27-at-17.13.43.jpeg 1024w, https:\/\/www.politicosdosuldabahia.com.br\/v1\/wp-content\/uploads\/2022\/04\/WhatsApp-Image-2022-04-27-at-17.13.43-300x190.jpeg 300w, https:\/\/www.politicosdosuldabahia.com.br\/v1\/wp-content\/uploads\/2022\/04\/WhatsApp-Image-2022-04-27-at-17.13.43-768x487.jpeg 768w\" sizes=\"(max-width: 455px) 100vw, 455px\" \/><\/h3>\n<p>\u201cA retomada e transforma\u00e7\u00e3o em realidade do projeto de irriga\u00e7\u00e3o Baixios de Irec\u00ea, depois de anos de descaso, marca a diferen\u00e7a entre o governo Bolsonaro e as gest\u00f5es do PT\u201d, disse o pr\u00e9-candidato a governador da Bahia, ex-ministro da Cidadania e deputado federal, Jo\u00e3o Roma, em entrevista \u00e0 r\u00e1dio Cara\u00edbas, de Irec\u00ea, na tarde desta quinta-feira (27). \u201cEnquanto Bolsonaro trabalha e realiza, o PT vive de propaganda\u201d, acrescentou.<\/p>\n<p>Localizado no munic\u00edpio de Itagua\u00e7u da Bahia, o projeto de 1987, segundo Roma, vai come\u00e7ar a cumprir depois de d\u00e9cadas seu objetivo de ser um poderoso vetor de desenvolvimento para a regi\u00e3o de Irec\u00ea, composta por 19 munic\u00edpios e popula\u00e7\u00e3o de cerca de 500 mil habitantes. \u201cParece que os governos petistas consideram como advers\u00e1rios todos aqueles que querem produzir e, por isso, n\u00e3o contribuem com o setor produtivo. Esquecem que o agroneg\u00f3cio representa quase 30% da economia estadual\u201d, comentou.<\/p>\n<p>Para o pr\u00e9-candidato bolsonarista, o descaso n\u00e3o foi diferente com a duplica\u00e7\u00e3o das BRs 101 e 116, que foram ampliadas nos estados vizinhos, mas o trecho da Bahia permaneceu inalterado na era petista. \u201cO mesmo se repetiu na Fiol que s\u00f3 agora saiu da propaganda do PT para entrar de verdade nos trilhos, durante o governo Bolsonaro\u201d.<\/p>\n<p>Jo\u00e3o Roma garantiu que, no caso de eleito, vai promover avan\u00e7os n\u00e3o s\u00f3 na infraestrutura da Bahia. \u201cVamos tamb\u00e9m melhorar os servi\u00e7os p\u00fablicos. Criar condi\u00e7\u00f5es para que a sa\u00fade ofere\u00e7a um atendimento digno e os baianos n\u00e3o fiquem sujeitos \u00e0 roleta russa da regula\u00e7\u00e3o. Vamos investir na seguran\u00e7a p\u00fablica e impedir o avan\u00e7o da escalada da viol\u00eancia, bem como oferecer uma educa\u00e7\u00e3o decente, \u00e0 altura dos baianos, que n\u00e3o merecem o pior ensino do Brasil\u201d.<\/p>\n","protected":false},"excerpt":{"rendered":"<p>\u201cA retomada e transforma\u00e7\u00e3o em realidade do projeto de irriga\u00e7\u00e3o Baixios de Irec\u00ea, depois de anos de descaso, marca a diferen\u00e7a entre o governo Bolsonaro e as gest\u00f5es do PT\u201d, disse o pr\u00e9-candidato a governador da Bahia, ex-ministro da Cidadania e deputado federal, Jo\u00e3o Roma, em entrevista \u00e0 r\u00e1dio Cara\u00edbas, de Irec\u00ea, na tarde desta [&hellip;]<\/p>\n","protected":false},"author":992,"featured_media":162021,"comment_status":"open","ping_status":"open","sticky":false,"template":"","format":"standard","meta":{"footnotes":"","_links_to":"","_links_to_target":""},"categories":[14],"tags":[],"class_list":["post-162020","post","type-post","status-publish","format-standard","has-post-thumbnail","hentry","category-bahia-geral"],"views":698,"_links":{"self":[{"href":"https:\/\/www.politicosdosuldabahia.com.br\/v1\/wp-json\/wp\/v2\/posts\/162020"}],"collection":[{"href":"https:\/\/www.politicosdosuldabahia.com.br\/v1\/wp-json\/wp\/v2\/posts"}],"about":[{"href":"https:\/\/www.politicosdosuldabahia.com.br\/v1\/wp-json\/wp\/v2\/types\/post"}],"author":[{"embeddable":true,"href":"https:\/\/www.politicosdosuldabahia.com.br\/v1\/wp-json\/wp\/v2\/users\/992"}],"replies":[{"embeddable":true,"href":"https:\/\/www.politicosdosuldabahia.com.br\/v1\/wp-json\/wp\/v2\/comments?post=162020"}],"version-history":[{"count":2,"href":"https:\/\/www.politicosdosuldabahia.com.br\/v1\/wp-json\/wp\/v2\/posts\/162020\/revisions"}],"predecessor-version":[{"id":162023,"href":"https:\/\/www.politicosdosuldabahia.com.br\/v1\/wp-json\/wp\/v2\/posts\/162020\/revisions\/162023"}],"wp:featuredmedia":[{"embeddable":true,"href":"https:\/\/www.politicosdosuldabahia.com.br\/v1\/wp-json\/wp\/v2\/media\/162021"}],"wp:attachment":[{"href":"https:\/\/www.politicosdosuldabahia.com.br\/v1\/wp-json\/wp\/v2\/media?parent=162020"}],"wp:term":[{"taxonomy":"category","embeddable":true,"href":"https:\/\/www.politicosdosuldabahia.com.br\/v1\/wp-json\/wp\/v2\/categories?post=162020"},{"taxonomy":"post_tag","embeddable":true,"href":"https:\/\/www.politicosdosuldabahia.com.br\/v1\/wp-json\/wp\/v2\/tags?post=162020"}],"curies":[{"name":"wp","href":"https:\/\/api.w.org\/{rel}","templated":true}]}}