
{"id":161929,"date":"2022-04-26T20:28:12","date_gmt":"2022-04-26T23:28:12","guid":{"rendered":"http:\/\/www.politicosdosuldabahia.com.br\/v1\/?p=161929"},"modified":"2022-04-26T20:28:12","modified_gmt":"2022-04-26T23:28:12","slug":"bahia-projeto-eleitoral-de-acm-neto-ja-conta-com-apoio-de-769-dos-prefeitos-da-regiao-metropolitana-de-salvador","status":"publish","type":"post","link":"https:\/\/www.politicosdosuldabahia.com.br\/v1\/2022\/04\/26\/bahia-projeto-eleitoral-de-acm-neto-ja-conta-com-apoio-de-769-dos-prefeitos-da-regiao-metropolitana-de-salvador\/","title":{"rendered":"BAHIA: PROJETO ELEITORAL DE ACM NETO J\u00c1 CONTA COM APOIO DE 76,9% DOS PREFEITOS DA REGI\u00c3O METROPOLITANA DE SALVADOR"},"content":{"rendered":"<h4 style=\"text-align: center\"><img loading=\"lazy\" decoding=\"async\" class=\"aligncenter wp-image-161930\" src=\"http:\/\/www.politicosdosuldabahia.com.br\/v1\/wp-content\/uploads\/2022\/04\/WhatsApp-Image-2022-04-26-at-16.09.43.jpeg\" alt=\"WhatsApp Image 2022-04-26 at 16.09.43\" width=\"455\" height=\"341\" srcset=\"https:\/\/www.politicosdosuldabahia.com.br\/v1\/wp-content\/uploads\/2022\/04\/WhatsApp-Image-2022-04-26-at-16.09.43.jpeg 1024w, https:\/\/www.politicosdosuldabahia.com.br\/v1\/wp-content\/uploads\/2022\/04\/WhatsApp-Image-2022-04-26-at-16.09.43-300x225.jpeg 300w, https:\/\/www.politicosdosuldabahia.com.br\/v1\/wp-content\/uploads\/2022\/04\/WhatsApp-Image-2022-04-26-at-16.09.43-768x576.jpeg 768w, https:\/\/www.politicosdosuldabahia.com.br\/v1\/wp-content\/uploads\/2022\/04\/WhatsApp-Image-2022-04-26-at-16.09.43-400x300.jpeg 400w\" sizes=\"(max-width: 455px) 100vw, 455px\" \/><\/h4>\n<h4 style=\"text-align: center\"><strong>Pr\u00e9-candidato ao Governo da Bahia tem 10 dos 13 gestores da RMS em sua base aliada<\/strong><\/h4>\n<h3 style=\"text-align: justify\">O projeto eleitoral de ACM Neto para o Governo da Bahia j\u00e1 conta com o apoio de 76,9% dos prefeitos respons\u00e1veis pelas gest\u00f5es das cidades da Regi\u00e3o Metropolitana de Salvador. Na \u00faltima semana, migraram para a base aliada do ex-prefeito de Salvador os gestores de Candeias, Dr. Pit\u00e1goras, e de S\u00e3o Francisco do Conde, Ant\u00f4nio Calmon.<\/h3>\n<h3 style=\"text-align: justify\">O prefeito Ant\u00f4nio Calmon ressaltou que ACM Neto \u00e9 a esperan\u00e7a de dias melhores para a Bahia e que sua gest\u00e3o em Salvador \u00e9 o melhor cart\u00e3o de visita para os outros 416 munic\u00edpios do estado.<\/h3>\n<h3 style=\"text-align: justify\">\u201cDecidi caminhar com ACM Neto por acreditar no projeto pol\u00edtico que est\u00e1 em constru\u00e7\u00e3o. Nosso munic\u00edpio tem muitas necessidades e tenho certeza que ele vai nos ajudar\u201d, ponderou.<\/h3>\n<h3 style=\"text-align: justify\">O grupo de apoio ao pr\u00e9-candidato do Uni\u00e3o Brasil tamb\u00e9m conta com os prefeitos de Vera Cruz, Mata de S\u00e3o Jo\u00e3o, Salvador, S\u00e3o Sebasti\u00e3o do Pass\u00e9, Sim\u00f5es Filho, Dias D&#8217;\u00c1vila, Cama\u00e7ari e Itaparica. A Regi\u00e3o Metropolitana de Salvador representa cerca de 3,9 milh\u00f5es de pessoas &#8211; n\u00famero que retrata 26,5% da popula\u00e7\u00e3o de toda a Bahia.<\/h3>\n<h3 style=\"text-align: justify\">&#8220;Hoje, conseguimos criar um arco de alian\u00e7as partid\u00e1rias que \u00e9 o maior da Bahia. Estamos construindo uma base aliada que ser\u00e1 superior \u00e0 da candidatura oficial. Esse \u00e9 um movimento hist\u00f3rico&#8221;, avaliou Neto.<\/h3>\n<h3 style=\"text-align: justify\">Inten\u00e7\u00f5es de votos<\/h3>\n<h3 style=\"text-align: justify\">O Instituto Paran\u00e1 divulgou, nesta segunda-feira (25), um levantamento sobre o cen\u00e1rio eleitoral na Bahia. De acordo com os dados da pesquisa, ACM Neto contabiliza 55,4% das inten\u00e7\u00f5es de votos &#8211; mais que o dobro da soma dos votos de todos os concorrentes.<\/h3>\n","protected":false},"excerpt":{"rendered":"<p>Pr\u00e9-candidato ao Governo da Bahia tem 10 dos 13 gestores da RMS em sua base aliada O projeto eleitoral de ACM Neto para o Governo da Bahia j\u00e1 conta com o apoio de 76,9% dos prefeitos respons\u00e1veis pelas gest\u00f5es das cidades da Regi\u00e3o Metropolitana de Salvador. Na \u00faltima semana, migraram para a base aliada do [&hellip;]<\/p>\n","protected":false},"author":992,"featured_media":161930,"comment_status":"open","ping_status":"open","sticky":false,"template":"","format":"standard","meta":{"footnotes":"","_links_to":"","_links_to_target":""},"categories":[14],"tags":[],"class_list":["post-161929","post","type-post","status-publish","format-standard","has-post-thumbnail","hentry","category-bahia-geral"],"views":598,"_links":{"self":[{"href":"https:\/\/www.politicosdosuldabahia.com.br\/v1\/wp-json\/wp\/v2\/posts\/161929"}],"collection":[{"href":"https:\/\/www.politicosdosuldabahia.com.br\/v1\/wp-json\/wp\/v2\/posts"}],"about":[{"href":"https:\/\/www.politicosdosuldabahia.com.br\/v1\/wp-json\/wp\/v2\/types\/post"}],"author":[{"embeddable":true,"href":"https:\/\/www.politicosdosuldabahia.com.br\/v1\/wp-json\/wp\/v2\/users\/992"}],"replies":[{"embeddable":true,"href":"https:\/\/www.politicosdosuldabahia.com.br\/v1\/wp-json\/wp\/v2\/comments?post=161929"}],"version-history":[{"count":1,"href":"https:\/\/www.politicosdosuldabahia.com.br\/v1\/wp-json\/wp\/v2\/posts\/161929\/revisions"}],"predecessor-version":[{"id":161931,"href":"https:\/\/www.politicosdosuldabahia.com.br\/v1\/wp-json\/wp\/v2\/posts\/161929\/revisions\/161931"}],"wp:featuredmedia":[{"embeddable":true,"href":"https:\/\/www.politicosdosuldabahia.com.br\/v1\/wp-json\/wp\/v2\/media\/161930"}],"wp:attachment":[{"href":"https:\/\/www.politicosdosuldabahia.com.br\/v1\/wp-json\/wp\/v2\/media?parent=161929"}],"wp:term":[{"taxonomy":"category","embeddable":true,"href":"https:\/\/www.politicosdosuldabahia.com.br\/v1\/wp-json\/wp\/v2\/categories?post=161929"},{"taxonomy":"post_tag","embeddable":true,"href":"https:\/\/www.politicosdosuldabahia.com.br\/v1\/wp-json\/wp\/v2\/tags?post=161929"}],"curies":[{"name":"wp","href":"https:\/\/api.w.org\/{rel}","templated":true}]}}