
{"id":161926,"date":"2022-04-26T20:26:06","date_gmt":"2022-04-26T23:26:06","guid":{"rendered":"http:\/\/www.politicosdosuldabahia.com.br\/v1\/?p=161926"},"modified":"2022-04-26T20:26:06","modified_gmt":"2022-04-26T23:26:06","slug":"roma-diz-que-o-recado-das-ruas-e-o-crescimento-de-bolsonaro","status":"publish","type":"post","link":"https:\/\/www.politicosdosuldabahia.com.br\/v1\/2022\/04\/26\/roma-diz-que-o-recado-das-ruas-e-o-crescimento-de-bolsonaro\/","title":{"rendered":"ROMA DIZ QUE O RECADO DAS RUAS \u00c9 O CRESCIMENTO DE BOLSONARO"},"content":{"rendered":"<h3 style=\"text-align: justify\"><img loading=\"lazy\" decoding=\"async\" class=\"wp-image-161927 aligncenter\" src=\"http:\/\/www.politicosdosuldabahia.com.br\/v1\/wp-content\/uploads\/2022\/04\/WhatsApp-Image-2022-04-26-at-16.11.55.jpeg\" alt=\"WhatsApp Image 2022-04-26 at 16.11.55\" width=\"455\" height=\"303\" srcset=\"https:\/\/www.politicosdosuldabahia.com.br\/v1\/wp-content\/uploads\/2022\/04\/WhatsApp-Image-2022-04-26-at-16.11.55.jpeg 1280w, https:\/\/www.politicosdosuldabahia.com.br\/v1\/wp-content\/uploads\/2022\/04\/WhatsApp-Image-2022-04-26-at-16.11.55-300x200.jpeg 300w, https:\/\/www.politicosdosuldabahia.com.br\/v1\/wp-content\/uploads\/2022\/04\/WhatsApp-Image-2022-04-26-at-16.11.55-768x512.jpeg 768w, https:\/\/www.politicosdosuldabahia.com.br\/v1\/wp-content\/uploads\/2022\/04\/WhatsApp-Image-2022-04-26-at-16.11.55-1024x682.jpeg 1024w\" sizes=\"(max-width: 455px) 100vw, 455px\" \/><\/p>\n<p>O pr\u00e9-candidato a governador da Bahia, ex-ministro da Cidadania e deputado federal, Jo\u00e3o Roma (PL), citou o presidente americano Franklin Delano Roosevelt ao ser perguntado sobre a postura do advers\u00e1rio ACM Neto de n\u00e3o querer se vincular a nenhuma pr\u00e9-candidatura presidencial, em entrevista \u00e0 r\u00e1dio Baiana, de Candeias, hoje \u00e0 tarde: \u201cN\u00e3o sei qual \u00e9 o caminho para o sucesso, mas o do insucesso certamente \u00e9 querer agradar a todos\u201d.<\/p>\n<p>Roma reiterou a sua posi\u00e7\u00e3o de estar firme com o presidente Bolsonaro, que foi o principal motivo do rompimento dele com o ex-prefeito de Salvador. \u201cAo contr\u00e1rio do pr\u00e9-candidato do Uni\u00e3o Brasil que quer agradar todo o mundo, eu fa\u00e7o oposi\u00e7\u00e3o ao PT e integro um projeto antag\u00f4nico ao do ex-presidente Lula. Sou aliado de Bolsonaro\u201d, afirmou.<\/p>\n<p>O ex-ministro da Cidadania observou que o recado das ruas \u00e9 o crescimento da aprova\u00e7\u00e3o de Bolsonaro, o que as pesquisas tamb\u00e9m j\u00e1 sinalizam. Roma, no entanto, em rela\u00e7\u00e3o \u00e0s sondagens eleitorais, considerou que \u201ctreino \u00e9 treino, e jogo \u00e9 jogo&#8221;. &#8220;Tem muita \u00e1gua para rolar ainda embaixo da ponte\u201d.<\/p>\n<p>\u201cSe pesquisa determinasse o resultado das elei\u00e7\u00f5es, Bolsonaro n\u00e3o seria o nosso presidente hoje\u201d, disse o pr\u00e9-candidato que teve seu \u00edndice de inten\u00e7\u00e3o de votos ao governo da Bahia dobrado no \u00faltimo levantamento da Paran\u00e1 Pesquisas.<\/p>\n<p>Para Jo\u00e3o Roma, a elei\u00e7\u00e3o deste ano ser\u00e1 acirrada e possivelmente a mais importante da hist\u00f3ria. \u201cExistem dois projetos em disputa, o do PT, que envergonhou toda a na\u00e7\u00e3o brasileira, e o de Bolsonaro, em defesa da liberdade e dos valores da fam\u00edlia\u201d, disse destacando, que, na Bahia, \u00e9 preciso mudar a postura para devolver ao estado a sua posi\u00e7\u00e3o de protagonismo. \u201cTir\u00e1-lo da vergonhosa posi\u00e7\u00e3o de ter os piores indicadores sociais do Brasil\u201d.<\/h3>\n","protected":false},"excerpt":{"rendered":"<p>O pr\u00e9-candidato a governador da Bahia, ex-ministro da Cidadania e deputado federal, Jo\u00e3o Roma (PL), citou o presidente americano Franklin Delano Roosevelt ao ser perguntado sobre a postura do advers\u00e1rio ACM Neto de n\u00e3o querer se vincular a nenhuma pr\u00e9-candidatura presidencial, em entrevista \u00e0 r\u00e1dio Baiana, de Candeias, hoje \u00e0 tarde: \u201cN\u00e3o sei qual \u00e9 [&hellip;]<\/p>\n","protected":false},"author":992,"featured_media":161927,"comment_status":"open","ping_status":"open","sticky":false,"template":"","format":"standard","meta":{"footnotes":"","_links_to":"","_links_to_target":""},"categories":[14],"tags":[],"class_list":["post-161926","post","type-post","status-publish","format-standard","has-post-thumbnail","hentry","category-bahia-geral"],"views":534,"_links":{"self":[{"href":"https:\/\/www.politicosdosuldabahia.com.br\/v1\/wp-json\/wp\/v2\/posts\/161926"}],"collection":[{"href":"https:\/\/www.politicosdosuldabahia.com.br\/v1\/wp-json\/wp\/v2\/posts"}],"about":[{"href":"https:\/\/www.politicosdosuldabahia.com.br\/v1\/wp-json\/wp\/v2\/types\/post"}],"author":[{"embeddable":true,"href":"https:\/\/www.politicosdosuldabahia.com.br\/v1\/wp-json\/wp\/v2\/users\/992"}],"replies":[{"embeddable":true,"href":"https:\/\/www.politicosdosuldabahia.com.br\/v1\/wp-json\/wp\/v2\/comments?post=161926"}],"version-history":[{"count":1,"href":"https:\/\/www.politicosdosuldabahia.com.br\/v1\/wp-json\/wp\/v2\/posts\/161926\/revisions"}],"predecessor-version":[{"id":161928,"href":"https:\/\/www.politicosdosuldabahia.com.br\/v1\/wp-json\/wp\/v2\/posts\/161926\/revisions\/161928"}],"wp:featuredmedia":[{"embeddable":true,"href":"https:\/\/www.politicosdosuldabahia.com.br\/v1\/wp-json\/wp\/v2\/media\/161927"}],"wp:attachment":[{"href":"https:\/\/www.politicosdosuldabahia.com.br\/v1\/wp-json\/wp\/v2\/media?parent=161926"}],"wp:term":[{"taxonomy":"category","embeddable":true,"href":"https:\/\/www.politicosdosuldabahia.com.br\/v1\/wp-json\/wp\/v2\/categories?post=161926"},{"taxonomy":"post_tag","embeddable":true,"href":"https:\/\/www.politicosdosuldabahia.com.br\/v1\/wp-json\/wp\/v2\/tags?post=161926"}],"curies":[{"name":"wp","href":"https:\/\/api.w.org\/{rel}","templated":true}]}}