
{"id":161859,"date":"2022-04-25T16:47:21","date_gmt":"2022-04-25T19:47:21","guid":{"rendered":"http:\/\/www.politicosdosuldabahia.com.br\/v1\/?p=161859"},"modified":"2022-04-25T16:47:21","modified_gmt":"2022-04-25T19:47:21","slug":"governo-do-estado-autoriza-obras-de-equipamentos-esportivos-no-sul-da-bahia","status":"publish","type":"post","link":"https:\/\/www.politicosdosuldabahia.com.br\/v1\/2022\/04\/25\/governo-do-estado-autoriza-obras-de-equipamentos-esportivos-no-sul-da-bahia\/","title":{"rendered":"GOVERNO DO ESTADO AUTORIZA OBRAS DE EQUIPAMENTOS ESPORTIVOS NO SUL DA BAHIA"},"content":{"rendered":"<h3 style=\"font-weight: 400;text-align: justify\">O Governo do Estado, por meio da Secretaria do Trabalho, Emprego, Renda e Esporte (Setre), assina nesta ter\u00e7a-feira (26), uma s\u00e9rie de autoriza\u00e7\u00f5es para o in\u00edcio de obras de equipamentos esportivos na regi\u00e3o sul da Bahia.<\/h3>\n<h3 style=\"font-weight: 400;text-align: justify\">\u00c0s 8h30, acontece a assinatura da ordem de servi\u00e7o para a constru\u00e7\u00e3o da Areninha do munic\u00edpio de Ilh\u00e9us, em um ato realizado no bairro Hernani S\u00e1, pr\u00f3ximo \u00e0 Central de Abastecimento. Logo depois, \u00e0s 11h, ser\u00e3o assinadas as ordens de servi\u00e7o para a implanta\u00e7\u00e3o de duas Areninhas no munic\u00edpio de Itabuna, durante cerim\u00f4nia na Feira da Concei\u00e7\u00e3o, pr\u00f3ximo ao Clube dos Comerci\u00e1rios.<\/h3>\n<h3 style=\"font-weight: 400;text-align: justify\">Na parte da tarde, \u00e0s 14h, na Associa\u00e7\u00e3o dos Munic\u00edpios da Regi\u00e3o Cacaueira da Bahia (Amurc), em Itabuna, ser\u00e3o assinadas as ordens de servi\u00e7o de uma Areninha no munic\u00edpio de Itapitanga e para a constru\u00e7\u00e3o de um est\u00e1dio de futebol em Itap\u00e9 e outro em Ubaitaba.<\/h3>\n<h3 style=\"font-weight: 400;text-align: justify\">\u201c\u00c9 o maior investimento em constru\u00e7\u00e3o de equipamentos esportivos realizado em nossa regi\u00e3o. Somente nas ordens de servi\u00e7os que ser\u00e3o assinadas nesta ter\u00e7a-feira, o investimento \u00e9 superior a R$ 6,5 milh\u00f5es\u201d, destaca o titular da Setre, Davidson Magalh\u00e3es, que estar\u00e1 presente nos atos de assinatura.<\/h3>\n<h3 style=\"font-weight: 400;text-align: justify\">As areninhas s\u00e3o compostas por campo society de grama sint\u00e9tica, com alambrado e vesti\u00e1rio.<strong>\u00a0<\/strong><\/h3>\n<h3 style=\"font-weight: 400;text-align: justify\"><strong>Visitas<\/strong>\u00a0\u2013 Ap\u00f3s a assinatura, o secret\u00e1rio Davidson Magalh\u00e3es visita as obras da Vila Ol\u00edmpica, que teve um investimento de R$ 3,6 milh\u00f5es da gest\u00e3o estadual. O equipamento recebeu interven\u00e7\u00f5es em todo a sua estrutura, espa\u00e7os comuns, gin\u00e1sio de esportes, quadra poliesportiva, vesti\u00e1rios, piscina e almoxarifado.<\/h3>\n<h3 style=\"font-weight: 400;text-align: justify\">A agenda em Itabuna termina com a vistoria do Campo dos Amadores. Com um investimento superior a R$ 1,6 milh\u00e3o, o local foi totalmente reformulado, com a implanta\u00e7\u00e3o de grama sint\u00e9tica, alambrado e sistema de drenagem.<\/h3>\n","protected":false},"excerpt":{"rendered":"<p>O Governo do Estado, por meio da Secretaria do Trabalho, Emprego, Renda e Esporte (Setre), assina nesta ter\u00e7a-feira (26), uma s\u00e9rie de autoriza\u00e7\u00f5es para o in\u00edcio de obras de equipamentos esportivos na regi\u00e3o sul da Bahia. \u00c0s 8h30, acontece a assinatura da ordem de servi\u00e7o para a constru\u00e7\u00e3o da Areninha do munic\u00edpio de Ilh\u00e9us, em [&hellip;]<\/p>\n","protected":false},"author":992,"featured_media":0,"comment_status":"open","ping_status":"open","sticky":false,"template":"","format":"standard","meta":{"footnotes":"","_links_to":"","_links_to_target":""},"categories":[14],"tags":[],"class_list":["post-161859","post","type-post","status-publish","format-standard","hentry","category-bahia-geral"],"views":516,"_links":{"self":[{"href":"https:\/\/www.politicosdosuldabahia.com.br\/v1\/wp-json\/wp\/v2\/posts\/161859"}],"collection":[{"href":"https:\/\/www.politicosdosuldabahia.com.br\/v1\/wp-json\/wp\/v2\/posts"}],"about":[{"href":"https:\/\/www.politicosdosuldabahia.com.br\/v1\/wp-json\/wp\/v2\/types\/post"}],"author":[{"embeddable":true,"href":"https:\/\/www.politicosdosuldabahia.com.br\/v1\/wp-json\/wp\/v2\/users\/992"}],"replies":[{"embeddable":true,"href":"https:\/\/www.politicosdosuldabahia.com.br\/v1\/wp-json\/wp\/v2\/comments?post=161859"}],"version-history":[{"count":1,"href":"https:\/\/www.politicosdosuldabahia.com.br\/v1\/wp-json\/wp\/v2\/posts\/161859\/revisions"}],"predecessor-version":[{"id":161860,"href":"https:\/\/www.politicosdosuldabahia.com.br\/v1\/wp-json\/wp\/v2\/posts\/161859\/revisions\/161860"}],"wp:attachment":[{"href":"https:\/\/www.politicosdosuldabahia.com.br\/v1\/wp-json\/wp\/v2\/media?parent=161859"}],"wp:term":[{"taxonomy":"category","embeddable":true,"href":"https:\/\/www.politicosdosuldabahia.com.br\/v1\/wp-json\/wp\/v2\/categories?post=161859"},{"taxonomy":"post_tag","embeddable":true,"href":"https:\/\/www.politicosdosuldabahia.com.br\/v1\/wp-json\/wp\/v2\/tags?post=161859"}],"curies":[{"name":"wp","href":"https:\/\/api.w.org\/{rel}","templated":true}]}}