
{"id":161800,"date":"2022-04-24T16:59:36","date_gmt":"2022-04-24T19:59:36","guid":{"rendered":"http:\/\/www.politicosdosuldabahia.com.br\/v1\/?p=161800"},"modified":"2022-04-24T16:59:36","modified_gmt":"2022-04-24T19:59:36","slug":"bahia-roma-garante-ciclofaixa-na-itabuna-ilheus-e-rodoanel-de-feira","status":"publish","type":"post","link":"https:\/\/www.politicosdosuldabahia.com.br\/v1\/2022\/04\/24\/bahia-roma-garante-ciclofaixa-na-itabuna-ilheus-e-rodoanel-de-feira\/","title":{"rendered":"BAHIA: ROMA GARANTE CICLOFAIXA NA ITABUNA-ILH\u00c9US E RODOANEL DE FEIRA*"},"content":{"rendered":"<p><a href=\"http:\/\/www.politicosdosuldabahia.com.br\/v1\/2022\/01\/07\/bahia-joao-roma-pode-ter-o-apoio-de-tres-partidos\/roma-e-bolso\/\" rel=\"attachment wp-att-158014\"><img loading=\"lazy\" decoding=\"async\" class=\"aligncenter size-full wp-image-158014\" src=\"http:\/\/www.politicosdosuldabahia.com.br\/v1\/wp-content\/uploads\/2022\/01\/roma-e-bolso.jpg\" alt=\"roma e bolso\" width=\"380\" height=\"280\" srcset=\"https:\/\/www.politicosdosuldabahia.com.br\/v1\/wp-content\/uploads\/2022\/01\/roma-e-bolso.jpg 380w, https:\/\/www.politicosdosuldabahia.com.br\/v1\/wp-content\/uploads\/2022\/01\/roma-e-bolso-300x221.jpg 300w\" sizes=\"(max-width: 380px) 100vw, 380px\" \/><\/a><\/p>\n<h3 style=\"text-align: justify;\">O pr\u00e9-candidato a governador da Bahia, ex-ministro da Cidadania e deputado federal, Jo\u00e3o Roma, garantiu que ser\u00e1 implantada a ciclofaixa na rodovia Jorge Amado, que liga Itabuna a Ilh\u00e9us. \u201cO projeto est\u00e1 sendo desenvolvido para a implanta\u00e7\u00e3o da ciclofaixa em pouco tempo\u201d, afirmou Roma em entrevista ao programa Frequ\u00eancia Pol\u00edtica, transmitido em rede pela Interativa FM e R\u00e1dio Difusora de Itabuna, neste s\u00e1bado (23).<\/h3>\n<h3 style=\"text-align: justify;\">Para Roma, que esteve na localidade com o ent\u00e3o ministro de Infraestrutura, Tarc\u00edsio de Freitas, vistoriando a amplia\u00e7\u00e3o da rodovia, o tr\u00e2nsito entre as duas importantes cidades do Sul da Bahia j\u00e1 est\u00e1 muito melhor do que antes. \u201cO povo de Itabuna e Itabuna vivia da promessa do PT. Precisou Bolsonaro chegar para a solu\u00e7\u00e3o tamb\u00e9m chegar\u201d.<\/h3>\n<h3 style=\"text-align: justify;\">O pr\u00e9-candidato bolsonarista aproveitou para informar que, na pr\u00f3xima segunda-feira, estar\u00e1 com o novo ministro da Infraestrutura, Marcelo Sampaio, vistoriando as obras do rodoanel de Feira de Santana. \u201cEssa \u00e9 outra obra importante na Bahia que o presidente Bolsonaro est\u00e1 tirando da gaveta e executando de verdade. N\u00e3o vai ficar mais na propaganda do PT\u201d.<br \/>\nO partido que tem como pr\u00e9-candidato ao governo da Bahia, o pior secret\u00e1rio de educa\u00e7\u00e3o do Brasil, segundo Jo\u00e3o Roma, em d\u00e9cadas de poder, deixou de legado aos baianos verdadeiros monumentos ao descaso. \u201cTendo o presidente e o governador, o PT n\u00e3o duplicou os trechos baianos das BRs 101 e 116 nem botou a Fiol nos trilhos, imprescind\u00edveis a\u00e7\u00f5es para o desenvolvimento social e econ\u00f4mico de nosso estado\u201d.<\/h3>\n<h3 style=\"text-align: justify;\">Roma reiterou o compromisso do presidente Bolsonaro na busca da repara\u00e7\u00e3o hist\u00f3rica com os produtores de cacau endividados. \u201cOs cacauicultores foram v\u00edtimas de desmandos e o presidente com o minist\u00e9rio da Agricultura est\u00e1 buscando uma solu\u00e7\u00e3o para que a voca\u00e7\u00e3o agr\u00edcola da regi\u00e3o avance\u201d.<\/h3>\n<h3 style=\"text-align: justify;\">Em Teofil\u00e2ndia, participando das comemora\u00e7\u00f5es do anivers\u00e1rio, de onde concedeu a entrevista por telefone, o ex-ministro da Cidadania destacou ainda o trabalho social do governo Bolsonaro na Bahia, estado onde h\u00e1 mais benefici\u00e1rios do Aux\u00edlio Brasil.<\/h3>\n<h3 style=\"text-align: justify;\">\u201cS\u00e3o mais de duas milh\u00f5es de fam\u00edlias baianas que recebem todo m\u00eas um m\u00ednimo de R$ 400 todo m\u00eas para sobreviver a falta de oportunidades legadas pelo governo petista. Na Bahia, h\u00e1 mais gente recebendo o Aux\u00edlio Brasil que com carteira assinada. De m\u00e3os dadas com o Brasil, vamos criar condi\u00e7\u00f5es para atrair novos investimentos e dar um novo futuro \u00e0 Bahia, com mais emprego, sa\u00fade, seguran\u00e7a e educa\u00e7\u00e3o\u201d, disse Roma, que, na tarde deste s\u00e1bado, estar\u00e1 em Candeal, tamb\u00e9m comemorando o anivers\u00e1rio da cidade.<\/h3>\n","protected":false},"excerpt":{"rendered":"<p>O pr\u00e9-candidato a governador da Bahia, ex-ministro da Cidadania e deputado federal, Jo\u00e3o Roma, garantiu que ser\u00e1 implantada a ciclofaixa na rodovia Jorge Amado, que liga Itabuna a Ilh\u00e9us. \u201cO projeto est\u00e1 sendo desenvolvido para a implanta\u00e7\u00e3o da ciclofaixa em pouco tempo\u201d, afirmou Roma em entrevista ao programa Frequ\u00eancia Pol\u00edtica, transmitido em rede pela Interativa [&hellip;]<\/p>\n","protected":false},"author":2,"featured_media":158014,"comment_status":"open","ping_status":"open","sticky":false,"template":"","format":"standard","meta":{"footnotes":"","_links_to":"","_links_to_target":""},"categories":[25],"tags":[],"class_list":["post-161800","post","type-post","status-publish","format-standard","has-post-thumbnail","hentry","category-destaque3"],"views":521,"_links":{"self":[{"href":"https:\/\/www.politicosdosuldabahia.com.br\/v1\/wp-json\/wp\/v2\/posts\/161800"}],"collection":[{"href":"https:\/\/www.politicosdosuldabahia.com.br\/v1\/wp-json\/wp\/v2\/posts"}],"about":[{"href":"https:\/\/www.politicosdosuldabahia.com.br\/v1\/wp-json\/wp\/v2\/types\/post"}],"author":[{"embeddable":true,"href":"https:\/\/www.politicosdosuldabahia.com.br\/v1\/wp-json\/wp\/v2\/users\/2"}],"replies":[{"embeddable":true,"href":"https:\/\/www.politicosdosuldabahia.com.br\/v1\/wp-json\/wp\/v2\/comments?post=161800"}],"version-history":[{"count":1,"href":"https:\/\/www.politicosdosuldabahia.com.br\/v1\/wp-json\/wp\/v2\/posts\/161800\/revisions"}],"predecessor-version":[{"id":161801,"href":"https:\/\/www.politicosdosuldabahia.com.br\/v1\/wp-json\/wp\/v2\/posts\/161800\/revisions\/161801"}],"wp:featuredmedia":[{"embeddable":true,"href":"https:\/\/www.politicosdosuldabahia.com.br\/v1\/wp-json\/wp\/v2\/media\/158014"}],"wp:attachment":[{"href":"https:\/\/www.politicosdosuldabahia.com.br\/v1\/wp-json\/wp\/v2\/media?parent=161800"}],"wp:term":[{"taxonomy":"category","embeddable":true,"href":"https:\/\/www.politicosdosuldabahia.com.br\/v1\/wp-json\/wp\/v2\/categories?post=161800"},{"taxonomy":"post_tag","embeddable":true,"href":"https:\/\/www.politicosdosuldabahia.com.br\/v1\/wp-json\/wp\/v2\/tags?post=161800"}],"curies":[{"name":"wp","href":"https:\/\/api.w.org\/{rel}","templated":true}]}}