
{"id":161782,"date":"2022-04-24T11:30:29","date_gmt":"2022-04-24T14:30:29","guid":{"rendered":"http:\/\/www.politicosdosuldabahia.com.br\/v1\/?p=161782"},"modified":"2022-04-24T11:31:17","modified_gmt":"2022-04-24T14:31:17","slug":"sandro-regis-destaca-eventos-em-boa-nova-e-pocoes-com-acm-neto-e-joao-leao-reconhecimento-de-nosso-trabalho","status":"publish","type":"post","link":"https:\/\/www.politicosdosuldabahia.com.br\/v1\/2022\/04\/24\/sandro-regis-destaca-eventos-em-boa-nova-e-pocoes-com-acm-neto-e-joao-leao-reconhecimento-de-nosso-trabalho\/","title":{"rendered":"SANDRO R\u00c9GIS DESTACA EVENTOS EM BOA NOVA E PO\u00c7\u00d5ES COM ACM NETO E JO\u00c3O LE\u00c3O: &#8220;RECONHECIMENTO DE NOSSO TRABALHO&#8221;"},"content":{"rendered":"<p>&nbsp;<\/p>\n<p><img loading=\"lazy\" decoding=\"async\" class=\"wp-image-161784 aligncenter\" src=\"http:\/\/www.politicosdosuldabahia.com.br\/v1\/wp-content\/uploads\/2022\/04\/WhatsApp-Image-2022-04-22-at-21.21.03.jpeg\" alt=\"WhatsApp Image 2022-04-22 at 21.21.03\" width=\"455\" height=\"290\" srcset=\"https:\/\/www.politicosdosuldabahia.com.br\/v1\/wp-content\/uploads\/2022\/04\/WhatsApp-Image-2022-04-22-at-21.21.03.jpeg 1349w, https:\/\/www.politicosdosuldabahia.com.br\/v1\/wp-content\/uploads\/2022\/04\/WhatsApp-Image-2022-04-22-at-21.21.03-300x191.jpeg 300w, https:\/\/www.politicosdosuldabahia.com.br\/v1\/wp-content\/uploads\/2022\/04\/WhatsApp-Image-2022-04-22-at-21.21.03-768x490.jpeg 768w, https:\/\/www.politicosdosuldabahia.com.br\/v1\/wp-content\/uploads\/2022\/04\/WhatsApp-Image-2022-04-22-at-21.21.03-1024x653.jpeg 1024w\" sizes=\"(max-width: 455px) 100vw, 455px\" \/><\/p>\n<h3 style=\"text-align: justify\">O deputado estadual Sandro R\u00e9gis (Uni\u00e3o Brasil) destacou nesta sexta-feira (22) os eventos com a presen\u00e7a do pr\u00e9-candidato a governador ACM Neto (Uni\u00e3o Brasil) em Boa Nova e Po\u00e7\u00f5es. O vice-governador Jo\u00e3o Le\u00e3o (PP), pr\u00e9-candidato ao Senado, tamb\u00e9m participou.<\/h3>\n<h3 style=\"text-align: justify\">Em Boa Nova, a comitiva de Neto e Sandro foi recepcionada pelo prefeito Adonias Rocha (PSD), que anunciou oficialmente seu apoio ao ex-prefeito de Salvador. J\u00e1 em Po\u00e7\u00f5es a recep\u00e7\u00e3o foi feita pelos ex-prefeitos Leo Mascarenhas e Luciano Mascarenhas.<\/h3>\n<h3 style=\"text-align: justify\">&#8220;Tivemos uma recep\u00e7\u00e3o muito bonita, uma demonstra\u00e7\u00e3o de confian\u00e7a das pessoas no nosso projeto para a Bahia, \u00e9 o reconhecimento do nosso trabalho pelo nosso Estado. Sigo cada dia mais mais motivado para trabalhar ainda pelo nosso povo&#8221;, disse R\u00e9gis.<\/h3>\n<h3 style=\"text-align: justify\">Em seu discurso, Neto agradeceu \u00e0s pessoas dos dois munic\u00edpios pela recep\u00e7\u00e3o e ressaltou que, se for eleito governador, vai trabalhar muito pela regi\u00e3o. Ele tamb\u00e9m fez elogios ao deputado Sandro R\u00e9gis.<\/h3>\n<h3 style=\"text-align: justify\">&#8220;N\u00e3o vale tudo pra ganhar uma elei\u00e7\u00e3o. N\u00e3o vale tudo pra chegar ao poder. N\u00e3o vale mentir, n\u00e3o vale enganar, n\u00e3o vale virar as costas para os seus amigos. E eu estou falando tudo isso porque aqui nesse palanque, e como representante de voc\u00eas, n\u00f3s temos um deputado, um homem p\u00fablico que encarna melhores valores da pol\u00edtica que \u00e9 o deputado estadual Sandro R\u00e9gis&#8221;, disse Neto<\/h3>\n","protected":false},"excerpt":{"rendered":"<p>&nbsp; O deputado estadual Sandro R\u00e9gis (Uni\u00e3o Brasil) destacou nesta sexta-feira (22) os eventos com a presen\u00e7a do pr\u00e9-candidato a governador ACM Neto (Uni\u00e3o Brasil) em Boa Nova e Po\u00e7\u00f5es. O vice-governador Jo\u00e3o Le\u00e3o (PP), pr\u00e9-candidato ao Senado, tamb\u00e9m participou. Em Boa Nova, a comitiva de Neto e Sandro foi recepcionada pelo prefeito Adonias Rocha [&hellip;]<\/p>\n","protected":false},"author":992,"featured_media":161784,"comment_status":"open","ping_status":"open","sticky":false,"template":"","format":"standard","meta":{"footnotes":"","_links_to":"","_links_to_target":""},"categories":[14],"tags":[],"class_list":["post-161782","post","type-post","status-publish","format-standard","has-post-thumbnail","hentry","category-bahia-geral"],"views":530,"_links":{"self":[{"href":"https:\/\/www.politicosdosuldabahia.com.br\/v1\/wp-json\/wp\/v2\/posts\/161782"}],"collection":[{"href":"https:\/\/www.politicosdosuldabahia.com.br\/v1\/wp-json\/wp\/v2\/posts"}],"about":[{"href":"https:\/\/www.politicosdosuldabahia.com.br\/v1\/wp-json\/wp\/v2\/types\/post"}],"author":[{"embeddable":true,"href":"https:\/\/www.politicosdosuldabahia.com.br\/v1\/wp-json\/wp\/v2\/users\/992"}],"replies":[{"embeddable":true,"href":"https:\/\/www.politicosdosuldabahia.com.br\/v1\/wp-json\/wp\/v2\/comments?post=161782"}],"version-history":[{"count":1,"href":"https:\/\/www.politicosdosuldabahia.com.br\/v1\/wp-json\/wp\/v2\/posts\/161782\/revisions"}],"predecessor-version":[{"id":161785,"href":"https:\/\/www.politicosdosuldabahia.com.br\/v1\/wp-json\/wp\/v2\/posts\/161782\/revisions\/161785"}],"wp:featuredmedia":[{"embeddable":true,"href":"https:\/\/www.politicosdosuldabahia.com.br\/v1\/wp-json\/wp\/v2\/media\/161784"}],"wp:attachment":[{"href":"https:\/\/www.politicosdosuldabahia.com.br\/v1\/wp-json\/wp\/v2\/media?parent=161782"}],"wp:term":[{"taxonomy":"category","embeddable":true,"href":"https:\/\/www.politicosdosuldabahia.com.br\/v1\/wp-json\/wp\/v2\/categories?post=161782"},{"taxonomy":"post_tag","embeddable":true,"href":"https:\/\/www.politicosdosuldabahia.com.br\/v1\/wp-json\/wp\/v2\/tags?post=161782"}],"curies":[{"name":"wp","href":"https:\/\/api.w.org\/{rel}","templated":true}]}}