
{"id":161710,"date":"2022-04-20T13:51:20","date_gmt":"2022-04-20T16:51:20","guid":{"rendered":"http:\/\/www.politicosdosuldabahia.com.br\/v1\/?p=161710"},"modified":"2022-04-20T13:51:20","modified_gmt":"2022-04-20T16:51:20","slug":"a-bancada-do-pp-esta-unida-o-resto-e-fake-news-diz-leao","status":"publish","type":"post","link":"https:\/\/www.politicosdosuldabahia.com.br\/v1\/2022\/04\/20\/a-bancada-do-pp-esta-unida-o-resto-e-fake-news-diz-leao\/","title":{"rendered":"\u2018A BANCADA DO PP EST\u00c1 UNIDA, O RESTO \u00c9 FAKE NEWS\u2019, DIZ LE\u00c3O"},"content":{"rendered":"<h3 style=\"text-align: center\"><img loading=\"lazy\" decoding=\"async\" class=\"alignnone size-full wp-image-161711\" src=\"http:\/\/www.politicosdosuldabahia.com.br\/v1\/wp-content\/uploads\/2022\/04\/WhatsApp-Image-2022-04-20-at-13.49.55.jpeg\" alt=\"WhatsApp Image 2022-04-20 at 13.49.55\" width=\"564\" height=\"377\" srcset=\"https:\/\/www.politicosdosuldabahia.com.br\/v1\/wp-content\/uploads\/2022\/04\/WhatsApp-Image-2022-04-20-at-13.49.55.jpeg 564w, https:\/\/www.politicosdosuldabahia.com.br\/v1\/wp-content\/uploads\/2022\/04\/WhatsApp-Image-2022-04-20-at-13.49.55-300x201.jpeg 300w\" sizes=\"(max-width: 564px) 100vw, 564px\" \/><\/h3>\n<h3 style=\"text-align: center\"><strong>Deputado M\u00e1rio Negromonte Jr reitera presidente do partido<\/strong><\/h3>\n<h3>O vice-governador Jo\u00e3o Le\u00e3o, pr\u00e9-candidato ao Senado na chapa de ACM Neto, afirmou nesta quarta-feira (20) que a bancada de deputados federais e estaduais da sigla est\u00e1 unida em torno da alian\u00e7a baiana com o Uni\u00e3o Brasil. O presidente estadual do PP disse ainda que as especula\u00e7\u00f5es feitas pelos opositores n\u00e3o passam de \u201cdesespero e desinforma\u00e7\u00e3o\u201d para confundir a popula\u00e7\u00e3o: \u201cEstamos unidos, felizes e tranquilos\u201d.<\/h3>\n<h3 style=\"text-align: justify\">\u201cTemos certeza da vit\u00f3ria e n\u00e3o h\u00e1 surpresa. O Progressistas se preparou para enfrentar o processo eleitoral. O partido est\u00e1 tranquilo e trabalhando com afinco para ganhar no 1\u00ba turno, junto com Neto e os demais partidos que formam essa chapa vencedora\u201d, rebateu o l\u00edder pepista.<\/h3>\n<h3 style=\"text-align: justify\">Jo\u00e3o Le\u00e3o disse ainda ter confian\u00e7a na reelei\u00e7\u00e3o dos deputados estaduais e federais da sigla: \u201cE digo mais, vamos ampliar as bancadas com novos deputados. Para tanto, filiamos nomes importantes e que t\u00eam votos nesta Bahia, na capital e no interior\u201d.<\/h3>\n<h3 style=\"text-align: justify\">J\u00e1 o deputado federal M\u00e1rio Negromonte Jr (PP) minimizou a foto feita ao lado de governistas e refor\u00e7ou seu apoio \u00e0s pr\u00e9-candidaturas de Neto e Le\u00e3o. &#8220;Estive nas comemora\u00e7\u00f5es dos 60 anos do munic\u00edpio de Ant\u00f4nio Cardoso, que a prefeita Lu de Gel (PP) me apoia para federal. Fiz uma foto, por cortesia, com o prefeito de Tanquinho (PT), munic\u00edpio vizinho, que tamb\u00e9m me apoia\u201d, declarou.<\/h3>\n<h3 style=\"text-align: justify\">\u201cMas isto n\u00e3o muda nada, n\u00e3o altera minha felicidade com a alian\u00e7a do PP com o Uni\u00e3o Brasil. E eu me orgulho de estar ajudando a construir esse grande projeto com ACM Neto e Jo\u00e3o Le\u00e3o\u201d, defendeu o parlamentar.<\/h3>\n","protected":false},"excerpt":{"rendered":"<p>Deputado M\u00e1rio Negromonte Jr reitera presidente do partido O vice-governador Jo\u00e3o Le\u00e3o, pr\u00e9-candidato ao Senado na chapa de ACM Neto, afirmou nesta quarta-feira (20) que a bancada de deputados federais e estaduais da sigla est\u00e1 unida em torno da alian\u00e7a baiana com o Uni\u00e3o Brasil. O presidente estadual do PP disse ainda que as especula\u00e7\u00f5es [&hellip;]<\/p>\n","protected":false},"author":992,"featured_media":161711,"comment_status":"open","ping_status":"open","sticky":false,"template":"","format":"standard","meta":{"footnotes":"","_links_to":"","_links_to_target":""},"categories":[14],"tags":[],"class_list":["post-161710","post","type-post","status-publish","format-standard","has-post-thumbnail","hentry","category-bahia-geral"],"views":615,"_links":{"self":[{"href":"https:\/\/www.politicosdosuldabahia.com.br\/v1\/wp-json\/wp\/v2\/posts\/161710"}],"collection":[{"href":"https:\/\/www.politicosdosuldabahia.com.br\/v1\/wp-json\/wp\/v2\/posts"}],"about":[{"href":"https:\/\/www.politicosdosuldabahia.com.br\/v1\/wp-json\/wp\/v2\/types\/post"}],"author":[{"embeddable":true,"href":"https:\/\/www.politicosdosuldabahia.com.br\/v1\/wp-json\/wp\/v2\/users\/992"}],"replies":[{"embeddable":true,"href":"https:\/\/www.politicosdosuldabahia.com.br\/v1\/wp-json\/wp\/v2\/comments?post=161710"}],"version-history":[{"count":1,"href":"https:\/\/www.politicosdosuldabahia.com.br\/v1\/wp-json\/wp\/v2\/posts\/161710\/revisions"}],"predecessor-version":[{"id":161712,"href":"https:\/\/www.politicosdosuldabahia.com.br\/v1\/wp-json\/wp\/v2\/posts\/161710\/revisions\/161712"}],"wp:featuredmedia":[{"embeddable":true,"href":"https:\/\/www.politicosdosuldabahia.com.br\/v1\/wp-json\/wp\/v2\/media\/161711"}],"wp:attachment":[{"href":"https:\/\/www.politicosdosuldabahia.com.br\/v1\/wp-json\/wp\/v2\/media?parent=161710"}],"wp:term":[{"taxonomy":"category","embeddable":true,"href":"https:\/\/www.politicosdosuldabahia.com.br\/v1\/wp-json\/wp\/v2\/categories?post=161710"},{"taxonomy":"post_tag","embeddable":true,"href":"https:\/\/www.politicosdosuldabahia.com.br\/v1\/wp-json\/wp\/v2\/tags?post=161710"}],"curies":[{"name":"wp","href":"https:\/\/api.w.org\/{rel}","templated":true}]}}