
{"id":161707,"date":"2022-04-20T13:44:55","date_gmt":"2022-04-20T16:44:55","guid":{"rendered":"http:\/\/www.politicosdosuldabahia.com.br\/v1\/?p=161707"},"modified":"2022-04-20T13:44:55","modified_gmt":"2022-04-20T16:44:55","slug":"itape-ex-prefeito-vai-apoiar-acm-neto","status":"publish","type":"post","link":"https:\/\/www.politicosdosuldabahia.com.br\/v1\/2022\/04\/20\/itape-ex-prefeito-vai-apoiar-acm-neto\/","title":{"rendered":"ITAP\u00c9: EX-PREFEITO VAI APOIAR ACM NETO"},"content":{"rendered":"<h3 style=\"text-align: justify\"><img loading=\"lazy\" decoding=\"async\" class=\"size-full wp-image-161708 aligncenter\" src=\"http:\/\/www.politicosdosuldabahia.com.br\/v1\/wp-content\/uploads\/2022\/04\/WhatsApp-Image-2022-04-20-at-12.13.54.jpeg\" alt=\"WhatsApp Image 2022-04-20 at 12.13.54\" width=\"455\" height=\"341\" srcset=\"https:\/\/www.politicosdosuldabahia.com.br\/v1\/wp-content\/uploads\/2022\/04\/WhatsApp-Image-2022-04-20-at-12.13.54.jpeg 455w, https:\/\/www.politicosdosuldabahia.com.br\/v1\/wp-content\/uploads\/2022\/04\/WhatsApp-Image-2022-04-20-at-12.13.54-300x225.jpeg 300w, https:\/\/www.politicosdosuldabahia.com.br\/v1\/wp-content\/uploads\/2022\/04\/WhatsApp-Image-2022-04-20-at-12.13.54-400x300.jpeg 400w\" sizes=\"(max-width: 455px) 100vw, 455px\" \/><\/h3>\n<h3 style=\"text-align: justify\">Nesta quarta-feira (20), ex-prefeito de Itap\u00e9, Pedr\u00e3o (PL), foi recebido pelo pre-candidato ao Governo do Estado, ACM Neto (UB).<\/h3>\n<h3 style=\"text-align: justify\">Na oportunidade o ex &#8211; prefeito definiu que vai apoiar ACM Neto e o pr\u00e9-candidato a deputado federal, Jos\u00e9 Carlos Ara\u00fajo (PDT).<\/h3>\n","protected":false},"excerpt":{"rendered":"<p>Nesta quarta-feira (20), ex-prefeito de Itap\u00e9, Pedr\u00e3o (PL), foi recebido pelo pre-candidato ao Governo do Estado, ACM Neto (UB). Na oportunidade o ex &#8211; prefeito definiu que vai apoiar ACM Neto e o pr\u00e9-candidato a deputado federal, Jos\u00e9 Carlos Ara\u00fajo (PDT).<\/p>\n","protected":false},"author":992,"featured_media":161708,"comment_status":"open","ping_status":"open","sticky":false,"template":"","format":"standard","meta":{"footnotes":"","_links_to":"","_links_to_target":""},"categories":[14,3],"tags":[],"class_list":["post-161707","post","type-post","status-publish","format-standard","has-post-thumbnail","hentry","category-bahia-geral","category-cidades"],"views":716,"_links":{"self":[{"href":"https:\/\/www.politicosdosuldabahia.com.br\/v1\/wp-json\/wp\/v2\/posts\/161707"}],"collection":[{"href":"https:\/\/www.politicosdosuldabahia.com.br\/v1\/wp-json\/wp\/v2\/posts"}],"about":[{"href":"https:\/\/www.politicosdosuldabahia.com.br\/v1\/wp-json\/wp\/v2\/types\/post"}],"author":[{"embeddable":true,"href":"https:\/\/www.politicosdosuldabahia.com.br\/v1\/wp-json\/wp\/v2\/users\/992"}],"replies":[{"embeddable":true,"href":"https:\/\/www.politicosdosuldabahia.com.br\/v1\/wp-json\/wp\/v2\/comments?post=161707"}],"version-history":[{"count":1,"href":"https:\/\/www.politicosdosuldabahia.com.br\/v1\/wp-json\/wp\/v2\/posts\/161707\/revisions"}],"predecessor-version":[{"id":161709,"href":"https:\/\/www.politicosdosuldabahia.com.br\/v1\/wp-json\/wp\/v2\/posts\/161707\/revisions\/161709"}],"wp:featuredmedia":[{"embeddable":true,"href":"https:\/\/www.politicosdosuldabahia.com.br\/v1\/wp-json\/wp\/v2\/media\/161708"}],"wp:attachment":[{"href":"https:\/\/www.politicosdosuldabahia.com.br\/v1\/wp-json\/wp\/v2\/media?parent=161707"}],"wp:term":[{"taxonomy":"category","embeddable":true,"href":"https:\/\/www.politicosdosuldabahia.com.br\/v1\/wp-json\/wp\/v2\/categories?post=161707"},{"taxonomy":"post_tag","embeddable":true,"href":"https:\/\/www.politicosdosuldabahia.com.br\/v1\/wp-json\/wp\/v2\/tags?post=161707"}],"curies":[{"name":"wp","href":"https:\/\/api.w.org\/{rel}","templated":true}]}}