
{"id":161688,"date":"2022-04-20T12:00:46","date_gmt":"2022-04-20T15:00:46","guid":{"rendered":"http:\/\/www.politicosdosuldabahia.com.br\/v1\/?p=161688"},"modified":"2022-04-20T13:14:51","modified_gmt":"2022-04-20T16:14:51","slug":"votacao-do-piso-salarial-da-enfermagem-na-camara-dos-deputados-sera-no-dia-4-de-maio","status":"publish","type":"post","link":"https:\/\/www.politicosdosuldabahia.com.br\/v1\/2022\/04\/20\/votacao-do-piso-salarial-da-enfermagem-na-camara-dos-deputados-sera-no-dia-4-de-maio\/","title":{"rendered":"VOTA\u00c7\u00c3O DO PISO SALARIAL DA ENFERMAGEM NA C\u00c2MARA DOS DEPUTADOS SER\u00c1 NO DIA 4 DE MAIO"},"content":{"rendered":"<div><\/div>\n<h4 style=\"text-align: center\"><img loading=\"lazy\" decoding=\"async\" class=\"alignnone wp-image-161689\" src=\"http:\/\/www.politicosdosuldabahia.com.br\/v1\/wp-content\/uploads\/2022\/04\/49887928378_ac956fa148_o-2.png\" alt=\"49887928378_ac956fa148_o (2)\" width=\"455\" height=\"302\" srcset=\"https:\/\/www.politicosdosuldabahia.com.br\/v1\/wp-content\/uploads\/2022\/04\/49887928378_ac956fa148_o-2.png 380w, https:\/\/www.politicosdosuldabahia.com.br\/v1\/wp-content\/uploads\/2022\/04\/49887928378_ac956fa148_o-2-300x199.png 300w\" sizes=\"(max-width: 455px) 100vw, 455px\" \/><\/h4>\n<h4 style=\"text-align: center\"><strong><i>Projeto de Lei j\u00e1 foi aprovado no Senado e tramita em regime de urg\u00eancia<\/i><\/strong><\/h4>\n<h3 style=\"text-align: justify\"><span style=\"font-size: large\">Foi definida para o dia 4 de maio a vota\u00e7\u00e3o do PL 2564, que institui o piso salarial da enfermagem, na C\u00e2mara dos Deputados. A decis\u00e3o foi anunciada na noite desta ter\u00e7a-feira (19),por parlamentares, ap\u00f3s reuni\u00e3o com o presidente da Casa, Arthur Lira.<\/span><\/h3>\n<p>\u201cAt\u00e9 l\u00e1, a enfermagem continuar\u00e1 mobilizada, sensibilizando os parlamentares sobre a import\u00e2ncia da aprova\u00e7\u00e3o deste projeto de lei para a valoriza\u00e7\u00e3o profissional da categoria, que segue na linha de frente do combate \u00e0 Covid-19. O Coren-BA est\u00e1 nesta luta, junto com o Sistema Cofen\/Conselhos Regionais de Enfermagem e outras inst\u00e2ncias representativas\u201d, destacou a presidente do Conselho Regional de Enfermagem da Bahia (Coren-BA), Giszele Paix\u00e3o.<\/p>\n<h3 style=\"text-align: justify\"><span style=\"font-size: large\"><br \/>\nA proposta define sal\u00e1rio inicial para os enfermeiros de R$4.750, a ser pago nacionalmente pelos servi\u00e7os de sa\u00fade p\u00fablicos e privados.Nos demais casos, haver\u00e1 proporcionalidade: 70% do piso dos enfermeiros para os t\u00e9cnicos de enfermagem; e 50% para os auxiliares de enfermagem e as parteiras.<\/span><\/h3>\n<p>O texto prev\u00ea, ainda, a atualiza\u00e7\u00e3o monet\u00e1ria anual do piso da categoria com base no \u00cdndice Nacional de Pre\u00e7os ao Consumidor (INPC) e assegura a manuten\u00e7\u00e3o de sal\u00e1rios eventualmente superiores ao valor inicial sugerido, independentemente da jornada de trabalho para a qual o profissional tenha sido contratado.<\/p>\n<h3 style=\"text-align: justify\">O projeto foi aprovado no Senado em novembro de 2021, por unanimidade, ap\u00f3s diversas audi\u00eancias p\u00fablicas e discuss\u00f5es. Na C\u00e2mara dos Deputados, o projeto tramita em regime de urg\u00eancia.<\/h3>\n","protected":false},"excerpt":{"rendered":"<p>Projeto de Lei j\u00e1 foi aprovado no Senado e tramita em regime de urg\u00eancia Foi definida para o dia 4 de maio a vota\u00e7\u00e3o do PL 2564, que institui o piso salarial da enfermagem, na C\u00e2mara dos Deputados. A decis\u00e3o foi anunciada na noite desta ter\u00e7a-feira (19),por parlamentares, ap\u00f3s reuni\u00e3o com o presidente da Casa, [&hellip;]<\/p>\n","protected":false},"author":992,"featured_media":161689,"comment_status":"open","ping_status":"open","sticky":false,"template":"","format":"standard","meta":{"footnotes":"","_links_to":"","_links_to_target":""},"categories":[14],"tags":[],"class_list":["post-161688","post","type-post","status-publish","format-standard","has-post-thumbnail","hentry","category-bahia-geral"],"views":592,"_links":{"self":[{"href":"https:\/\/www.politicosdosuldabahia.com.br\/v1\/wp-json\/wp\/v2\/posts\/161688"}],"collection":[{"href":"https:\/\/www.politicosdosuldabahia.com.br\/v1\/wp-json\/wp\/v2\/posts"}],"about":[{"href":"https:\/\/www.politicosdosuldabahia.com.br\/v1\/wp-json\/wp\/v2\/types\/post"}],"author":[{"embeddable":true,"href":"https:\/\/www.politicosdosuldabahia.com.br\/v1\/wp-json\/wp\/v2\/users\/992"}],"replies":[{"embeddable":true,"href":"https:\/\/www.politicosdosuldabahia.com.br\/v1\/wp-json\/wp\/v2\/comments?post=161688"}],"version-history":[{"count":2,"href":"https:\/\/www.politicosdosuldabahia.com.br\/v1\/wp-json\/wp\/v2\/posts\/161688\/revisions"}],"predecessor-version":[{"id":161691,"href":"https:\/\/www.politicosdosuldabahia.com.br\/v1\/wp-json\/wp\/v2\/posts\/161688\/revisions\/161691"}],"wp:featuredmedia":[{"embeddable":true,"href":"https:\/\/www.politicosdosuldabahia.com.br\/v1\/wp-json\/wp\/v2\/media\/161689"}],"wp:attachment":[{"href":"https:\/\/www.politicosdosuldabahia.com.br\/v1\/wp-json\/wp\/v2\/media?parent=161688"}],"wp:term":[{"taxonomy":"category","embeddable":true,"href":"https:\/\/www.politicosdosuldabahia.com.br\/v1\/wp-json\/wp\/v2\/categories?post=161688"},{"taxonomy":"post_tag","embeddable":true,"href":"https:\/\/www.politicosdosuldabahia.com.br\/v1\/wp-json\/wp\/v2\/tags?post=161688"}],"curies":[{"name":"wp","href":"https:\/\/api.w.org\/{rel}","templated":true}]}}