
{"id":161617,"date":"2022-04-19T13:20:30","date_gmt":"2022-04-19T16:20:30","guid":{"rendered":"http:\/\/www.politicosdosuldabahia.com.br\/v1\/?p=161617"},"modified":"2022-04-19T13:20:30","modified_gmt":"2022-04-19T16:20:30","slug":"nossos-concorrentes-estao-falando-mais-dos-seus-padrinhos-politicos-do-que-do-proprio-projeto-diz-acm-neto","status":"publish","type":"post","link":"https:\/\/www.politicosdosuldabahia.com.br\/v1\/2022\/04\/19\/nossos-concorrentes-estao-falando-mais-dos-seus-padrinhos-politicos-do-que-do-proprio-projeto-diz-acm-neto\/","title":{"rendered":"\u201cNOSSOS CONCORRENTES EST\u00c3O FALANDO MAIS DOS SEUS PADRINHOS POL\u00cdTICOS DO QUE DO PR\u00d3PRIO PROJETO\u201d, DIZ ACM NETO"},"content":{"rendered":"<h4 style=\"text-align: center\"><img loading=\"lazy\" decoding=\"async\" class=\"alignnone wp-image-161618\" src=\"http:\/\/www.politicosdosuldabahia.com.br\/v1\/wp-content\/uploads\/2022\/04\/WhatsApp-Image-2022-04-19-at-11.52.00.jpeg\" alt=\"WhatsApp Image 2022-04-19 at 11.52.00\" width=\"455\" height=\"303\" srcset=\"https:\/\/www.politicosdosuldabahia.com.br\/v1\/wp-content\/uploads\/2022\/04\/WhatsApp-Image-2022-04-19-at-11.52.00.jpeg 1280w, https:\/\/www.politicosdosuldabahia.com.br\/v1\/wp-content\/uploads\/2022\/04\/WhatsApp-Image-2022-04-19-at-11.52.00-300x200.jpeg 300w, https:\/\/www.politicosdosuldabahia.com.br\/v1\/wp-content\/uploads\/2022\/04\/WhatsApp-Image-2022-04-19-at-11.52.00-768x512.jpeg 768w, https:\/\/www.politicosdosuldabahia.com.br\/v1\/wp-content\/uploads\/2022\/04\/WhatsApp-Image-2022-04-19-at-11.52.00-1024x682.jpeg 1024w\" sizes=\"(max-width: 455px) 100vw, 455px\" \/><\/h4>\n<h4 style=\"text-align: center\"><strong>Pr\u00e9-candidato ao Governo da Bahia esteve na R\u00e1dio Metr\u00f3pole na manh\u00e3 desta ter\u00e7a-feira (19)<\/strong><\/h4>\n<h3 style=\"text-align: justify\">O pr\u00e9-candidato ao Governo da Bahia ACM Neto foi entrevistado pelo jornalista M\u00e1rio Kert\u00e9sz, na R\u00e1dio Metr\u00f3pole, na manh\u00e3 desta ter\u00e7a-feira (19). Durante a conversa, Neto enfatizou que saber\u00e1 governar a Bahia com qualquer presidente escolhido pela popula\u00e7\u00e3o brasileira.<\/h3>\n<h3 style=\"text-align: justify\">&#8220;Desde que me entendo por gente, sonhava em ser candidato a governador, e procurei acumular experi\u00eancia para isso. Hoje, me sinto preparado para essa tarefa. Enquanto nossos concorrentes est\u00e3o falando mais dos seus padrinhos pol\u00edticos do que do pr\u00f3prio projeto, eu n\u00e3o vou ficar dizendo que fulano ou beltrano vai resolver a elei\u00e7\u00e3o&#8221;, pontuou.<\/h3>\n<h3 style=\"text-align: justify\">&#8220;E depois da elei\u00e7\u00e3o, ganhe Lula, ganhe Bolsonaro, ganhe Ciro, Doria, qualquer um. S\u00e3o eles que v\u00e3o governar a Bahia ou \u00e9 o governador? Quem vai cuidar da seguran\u00e7a p\u00fablica? Da educa\u00e7\u00e3o? Quem vai enfrentar esse drama da regula\u00e7\u00e3o? Quem vai pensar numa estrat\u00e9gia futura para o estado, para que a Bahia volte a atrair investimentos e seja geradora de emprego?&#8221;, questionou durante a entrevista.<\/h3>\n<h3 style=\"text-align: justify\">ACM Neto lembrou que durante sua gest\u00e3o em Salvador (2013-2020), quando foi avaliado como o melhor prefeito do Brasil em todos os anos de mandato, trabalhou com tr\u00eas ex-presidentes da Rep\u00fablica de partidos diferentes.<\/h3>\n<h3 style=\"text-align: justify\">&#8220;A verdade \u00e9 que quando voc\u00ea tem um bom governador, um bom gestor, ele \u00e9 respeitado por todo mundo. Voc\u00ea tem que governar para todo mundo, deixando de lado as disputas pol\u00edticas\u201d, acrescentou o Neto.<\/h3>\n<h3 style=\"text-align: justify\">Desde o in\u00edcio de 2021, o pr\u00e9-candidato ao Governo da Bahia j\u00e1 visitou 90 cidades do estado. Na entrevista da manh\u00e3 de hoje, Neto antecipou que a expectativa, a partir do m\u00eas de maio, \u00e9 visitar uma m\u00e9dia de 10 munic\u00edpios por semana.<\/h3>\n<h3 style=\"text-align: justify\">&#8220;Essa agenda \u00e9 muito importante porque me permite conversar com as pessoas e atualizar, a cada instante, as quest\u00f5es mais importantes para a popula\u00e7\u00e3o da Bahia. Ela me permite compreender profundamente quais s\u00e3o os sonhos, as expectativas e os desejos dos baianos para o futuro&#8221;, destacou.<\/h3>\n<h3 style=\"text-align: justify\">&#8220;Estou consciente de que, acima de tudo, a Bahia e os baianos precisam de um l\u00edder capaz de entender o esp\u00edrito desse povo. De entender a grandiosidade que a Bahia tem e, mais do que isso, um l\u00edder que tenha condi\u00e7\u00f5es de elevar o orgulho dos baianos, de colocar a Bahia como exemplo nacional, de colocar nosso estado liderando o Brasil. Eu sonho com isso e \u00e9 pra isso que eu estou dedicando a minha vida&#8221;, acrescentou.<\/h3>\n<h3 style=\"text-align: justify\">Campanha de ideias<\/h3>\n<h3 style=\"text-align: justify\">O ex-prefeito de Salvador comentou ainda que n\u00e3o vai cair nas provoca\u00e7\u00f5es feitas sobre sua pr\u00e9-candidatura. De acordo com Neto, toda a campanha ser\u00e1 trabalhada no debate de ideias.<\/h3>\n<h3 style=\"text-align: justify\">\u201cNa discuss\u00e3o da pol\u00edtica voc\u00ea n\u00e3o precisa ir para o campo pessoal, n\u00e3o precisa enxergar seu advers\u00e1rio como inimigo. Nunca usei o mandato que tive como prefeito de Salvador para perseguir ningu\u00e9m, falar da vida de ningu\u00e9m. A gente tem que colocar o que pensamos para as pessoas, o que temos de ideal para o futuro. N\u00e3o precisa estar nessa pol\u00edtica baixa, e eu n\u00e3o vou mudar essa linha. Mesmo diante de gente atacando, de gente provocando\u201d, ponderou.<\/h3>\n<h3 style=\"text-align: justify\">ACM ressaltou ainda que a popula\u00e7\u00e3o n\u00e3o quer mais radicaliza\u00e7\u00f5es no campo da pol\u00edtica. Para ele, \u00e9 preciso trabalhar linhas mais moderadas e equilibradas com o intuito de promover melhorias reais na vida das pessoas.<\/h3>\n<h3 style=\"text-align: justify\">\u201cA gente viu os extremos tomarem conta do debate e h\u00e1 uma quantidade muito grande de pessoas que desejam linhas mais moderadas, mais equilibradas. N\u00e3o sou um cara do extremo, do radicalismo. E pretendo me fazer ouvido, apresentar minhas ideias e chamar a aten\u00e7\u00e3o das pessoas com o meu estilo. Um estilo aberto e com muito di\u00e1logo\u201d, disse.<\/h3>\n","protected":false},"excerpt":{"rendered":"<p>Pr\u00e9-candidato ao Governo da Bahia esteve na R\u00e1dio Metr\u00f3pole na manh\u00e3 desta ter\u00e7a-feira (19) O pr\u00e9-candidato ao Governo da Bahia ACM Neto foi entrevistado pelo jornalista M\u00e1rio Kert\u00e9sz, na R\u00e1dio Metr\u00f3pole, na manh\u00e3 desta ter\u00e7a-feira (19). Durante a conversa, Neto enfatizou que saber\u00e1 governar a Bahia com qualquer presidente escolhido pela popula\u00e7\u00e3o brasileira. &#8220;Desde que [&hellip;]<\/p>\n","protected":false},"author":992,"featured_media":161618,"comment_status":"open","ping_status":"open","sticky":false,"template":"","format":"standard","meta":{"footnotes":"","_links_to":"","_links_to_target":""},"categories":[14],"tags":[],"class_list":["post-161617","post","type-post","status-publish","format-standard","has-post-thumbnail","hentry","category-bahia-geral"],"views":533,"_links":{"self":[{"href":"https:\/\/www.politicosdosuldabahia.com.br\/v1\/wp-json\/wp\/v2\/posts\/161617"}],"collection":[{"href":"https:\/\/www.politicosdosuldabahia.com.br\/v1\/wp-json\/wp\/v2\/posts"}],"about":[{"href":"https:\/\/www.politicosdosuldabahia.com.br\/v1\/wp-json\/wp\/v2\/types\/post"}],"author":[{"embeddable":true,"href":"https:\/\/www.politicosdosuldabahia.com.br\/v1\/wp-json\/wp\/v2\/users\/992"}],"replies":[{"embeddable":true,"href":"https:\/\/www.politicosdosuldabahia.com.br\/v1\/wp-json\/wp\/v2\/comments?post=161617"}],"version-history":[{"count":1,"href":"https:\/\/www.politicosdosuldabahia.com.br\/v1\/wp-json\/wp\/v2\/posts\/161617\/revisions"}],"predecessor-version":[{"id":161619,"href":"https:\/\/www.politicosdosuldabahia.com.br\/v1\/wp-json\/wp\/v2\/posts\/161617\/revisions\/161619"}],"wp:featuredmedia":[{"embeddable":true,"href":"https:\/\/www.politicosdosuldabahia.com.br\/v1\/wp-json\/wp\/v2\/media\/161618"}],"wp:attachment":[{"href":"https:\/\/www.politicosdosuldabahia.com.br\/v1\/wp-json\/wp\/v2\/media?parent=161617"}],"wp:term":[{"taxonomy":"category","embeddable":true,"href":"https:\/\/www.politicosdosuldabahia.com.br\/v1\/wp-json\/wp\/v2\/categories?post=161617"},{"taxonomy":"post_tag","embeddable":true,"href":"https:\/\/www.politicosdosuldabahia.com.br\/v1\/wp-json\/wp\/v2\/tags?post=161617"}],"curies":[{"name":"wp","href":"https:\/\/api.w.org\/{rel}","templated":true}]}}