
{"id":161572,"date":"2022-04-18T13:39:13","date_gmt":"2022-04-18T16:39:13","guid":{"rendered":"http:\/\/www.politicosdosuldabahia.com.br\/v1\/?p=161572"},"modified":"2022-04-18T13:39:13","modified_gmt":"2022-04-18T16:39:13","slug":"se-eleito-roma-nao-abandonara-extremo-sul-e-oeste-da-bahia","status":"publish","type":"post","link":"https:\/\/www.politicosdosuldabahia.com.br\/v1\/2022\/04\/18\/se-eleito-roma-nao-abandonara-extremo-sul-e-oeste-da-bahia\/","title":{"rendered":"SE ELEITO, ROMA N\u00c3O ABANDONAR\u00c1 EXTREMO SUL E OESTE DA BAHIA"},"content":{"rendered":"<h3 style=\"text-align: justify\"><\/h3>\n<h3 style=\"text-align: justify\"><img loading=\"lazy\" decoding=\"async\" class=\"wp-image-161573 aligncenter\" src=\"http:\/\/www.politicosdosuldabahia.com.br\/v1\/wp-content\/uploads\/2022\/04\/WhatsApp-Image-2022-04-18-at-09.10.48.jpeg\" alt=\"WhatsApp Image 2022-04-18 at 09.10.48\" width=\"327\" height=\"455\" srcset=\"https:\/\/www.politicosdosuldabahia.com.br\/v1\/wp-content\/uploads\/2022\/04\/WhatsApp-Image-2022-04-18-at-09.10.48.jpeg 736w, https:\/\/www.politicosdosuldabahia.com.br\/v1\/wp-content\/uploads\/2022\/04\/WhatsApp-Image-2022-04-18-at-09.10.48-216x300.jpeg 216w\" sizes=\"(max-width: 327px) 100vw, 327px\" \/><br \/>\nO pr\u00e9-candidato a governador da Bahia, ex-ministro da Cidadania e deputado federal, Jo\u00e3o Roma (PL), disse que, no caso de eleito, seu governo se far\u00e1 presente nas regi\u00f5es distantes da capital do estado, a exemplo do Extremo Sul e Oeste.<\/p>\n<p>\u201cAo contr\u00e1rio do que acontece atualmente, n\u00e3o esqueceremos essas regi\u00f5es onde a Bahia prospera. Criaremos mecanismos de interlocu\u00e7\u00e3o direta. Queremos uma Bahia integrada para orgulhar o nosso Brasil\u201d, afirmou Roma em entrevista \u00e0 r\u00e1dio Eldorado FM, de Teixeira de Freitas, na manh\u00e3 desta segunda-feira (18).<\/p>\n<p>O pr\u00e9-candidato bolsonarista lembrou que, quando era ministro da Cidadania, esteve ao lado do povo do Extremo Sul da Bahia, enfrentando a calamidade causada pelas fortes chuvas na regi\u00e3o. \u201cO governante tem que ir aonde o povo est\u00e1. Conhecer o problema e buscar solu\u00e7\u00f5es. Vamos trabalhar por toda a Bahia sem esquecer nenhuma regi\u00e3o\u201d.<\/p>\n<p>Pai do Aux\u00edlio Brasil, o ex-ministro se emocionou quando foi lida a mensagem de uma ouvinte desempregada lhe agradecendo pela cria\u00e7\u00e3o do benef\u00edcio social que estava lhe ajudando a sobreviver.<\/p>\n<p>\u201cA grande satisfa\u00e7\u00e3o do homem p\u00fablico \u00e9 o reconhecimento de seu trabalho. O Aux\u00edlio Brasil \u00e9 uma ajuda do estado para o cidad\u00e3o superar a dificuldade. Todos n\u00f3s enfrentamos dificuldades na vida\u201d, comentou Jo\u00e3o Roma.<\/p>\n<p>Na manh\u00e3 desta segunda-feira (18), Roma participa ao lado do atual ministro da Cidadania, Ronaldo Bento, e do deputado federal, Eduardo Bolsonaro (PL), da Jornada Aux\u00edlio Brasil, com a entrega de Esta\u00e7\u00e3o do Projeto Roda Bem Caminhoneiro, \u00e0s 10 horas, em Concei\u00e7\u00e3o do Jacu\u00edpe.<\/p>\n<p>\u00c0 tarde, \u00e0s 14h30, em Salvador, o pr\u00e9-candidato ao governo da Bahia estar\u00e1 presente \u00e0 Sess\u00e3o Especial em comemora\u00e7\u00e3o ao Bicenten\u00e1rio da Independ\u00eancia do Brasil, na C\u00e2mara Municipal, onde tamb\u00e9m haver\u00e1 a Sess\u00e3o Solene para entrega do T\u00edtulo de Cidad\u00e3o de Salvador ao deputado federal Eduardo Bolsonaro.<\/h3>\n","protected":false},"excerpt":{"rendered":"<p>O pr\u00e9-candidato a governador da Bahia, ex-ministro da Cidadania e deputado federal, Jo\u00e3o Roma (PL), disse que, no caso de eleito, seu governo se far\u00e1 presente nas regi\u00f5es distantes da capital do estado, a exemplo do Extremo Sul e Oeste. \u201cAo contr\u00e1rio do que acontece atualmente, n\u00e3o esqueceremos essas regi\u00f5es onde a Bahia prospera. Criaremos [&hellip;]<\/p>\n","protected":false},"author":992,"featured_media":161573,"comment_status":"open","ping_status":"open","sticky":false,"template":"","format":"standard","meta":{"footnotes":"","_links_to":"","_links_to_target":""},"categories":[14],"tags":[],"class_list":["post-161572","post","type-post","status-publish","format-standard","has-post-thumbnail","hentry","category-bahia-geral"],"views":578,"_links":{"self":[{"href":"https:\/\/www.politicosdosuldabahia.com.br\/v1\/wp-json\/wp\/v2\/posts\/161572"}],"collection":[{"href":"https:\/\/www.politicosdosuldabahia.com.br\/v1\/wp-json\/wp\/v2\/posts"}],"about":[{"href":"https:\/\/www.politicosdosuldabahia.com.br\/v1\/wp-json\/wp\/v2\/types\/post"}],"author":[{"embeddable":true,"href":"https:\/\/www.politicosdosuldabahia.com.br\/v1\/wp-json\/wp\/v2\/users\/992"}],"replies":[{"embeddable":true,"href":"https:\/\/www.politicosdosuldabahia.com.br\/v1\/wp-json\/wp\/v2\/comments?post=161572"}],"version-history":[{"count":1,"href":"https:\/\/www.politicosdosuldabahia.com.br\/v1\/wp-json\/wp\/v2\/posts\/161572\/revisions"}],"predecessor-version":[{"id":161574,"href":"https:\/\/www.politicosdosuldabahia.com.br\/v1\/wp-json\/wp\/v2\/posts\/161572\/revisions\/161574"}],"wp:featuredmedia":[{"embeddable":true,"href":"https:\/\/www.politicosdosuldabahia.com.br\/v1\/wp-json\/wp\/v2\/media\/161573"}],"wp:attachment":[{"href":"https:\/\/www.politicosdosuldabahia.com.br\/v1\/wp-json\/wp\/v2\/media?parent=161572"}],"wp:term":[{"taxonomy":"category","embeddable":true,"href":"https:\/\/www.politicosdosuldabahia.com.br\/v1\/wp-json\/wp\/v2\/categories?post=161572"},{"taxonomy":"post_tag","embeddable":true,"href":"https:\/\/www.politicosdosuldabahia.com.br\/v1\/wp-json\/wp\/v2\/tags?post=161572"}],"curies":[{"name":"wp","href":"https:\/\/api.w.org\/{rel}","templated":true}]}}