
{"id":161554,"date":"2022-04-18T08:34:28","date_gmt":"2022-04-18T11:34:28","guid":{"rendered":"http:\/\/www.politicosdosuldabahia.com.br\/v1\/?p=161554"},"modified":"2022-04-18T08:34:28","modified_gmt":"2022-04-18T11:34:28","slug":"feira-de-santana-jeronimo-participa-de-celebracao-da-paixao-e-rebate-criticas-de-bolsonaro","status":"publish","type":"post","link":"https:\/\/www.politicosdosuldabahia.com.br\/v1\/2022\/04\/18\/feira-de-santana-jeronimo-participa-de-celebracao-da-paixao-e-rebate-criticas-de-bolsonaro\/","title":{"rendered":"FEIRA DE SANTANA:  JER\u00d4NIMO PARTICIPA DE CELEBRA\u00c7\u00c3O DA PAIX\u00c3O E REBATE CR\u00cdTICAS DE BOLSONARO"},"content":{"rendered":"<div dir=\"auto\"><\/div>\n<h3 style=\"text-align: justify\"><img loading=\"lazy\" decoding=\"async\" class=\"wp-image-161555 aligncenter\" src=\"http:\/\/www.politicosdosuldabahia.com.br\/v1\/wp-content\/uploads\/2022\/04\/IMG-20220415-WA0068.jpg\" alt=\"IMG-20220415-WA0068\" width=\"455\" height=\"303\" srcset=\"https:\/\/www.politicosdosuldabahia.com.br\/v1\/wp-content\/uploads\/2022\/04\/IMG-20220415-WA0068.jpg 1280w, https:\/\/www.politicosdosuldabahia.com.br\/v1\/wp-content\/uploads\/2022\/04\/IMG-20220415-WA0068-300x200.jpg 300w, https:\/\/www.politicosdosuldabahia.com.br\/v1\/wp-content\/uploads\/2022\/04\/IMG-20220415-WA0068-768x512.jpg 768w, https:\/\/www.politicosdosuldabahia.com.br\/v1\/wp-content\/uploads\/2022\/04\/IMG-20220415-WA0068-1024x682.jpg 1024w\" sizes=\"(max-width: 455px) 100vw, 455px\" \/><\/h3>\n<h3 style=\"text-align: justify\">O pr\u00e9-candidato do PT ao Governo do Estado, Jer\u00f4nimo Rodrigues, participou da Celebra\u00e7\u00e3o da Paix\u00e3o, na Catedral Metropolitana de Feira de Santana, e percorreu as ruas da cidade na Prociss\u00e3o com o Senhor Morto, nesta Sexta-feira Santa (15). Acompanhado da esposa, do filho, e de outros familiares e lideran\u00e7as da regi\u00e3o, Jer\u00f4nimo manteve a tradi\u00e7\u00e3o que adquiriu quando passou a morar na cidade, onde \u00e9 professor da Universidade Estadual de Feira de Santana (UEFS).<\/h3>\n<h3 style=\"text-align: justify\">Antes de percorrer as ruas de Feira em prociss\u00e3o, Jer\u00f4nimo comentou as cr\u00edticas do presidente Jair Bolsonaro sobre a educa\u00e7\u00e3o. &#8220;Ele n\u00e3o tem lugar para falar mal da educa\u00e7\u00e3o porque a \u00faltima dele foi essa de trocar barra de ouro&#8221;, afirmou o pr\u00e9-candidato, ao fazer refer\u00eancia ao esc\u00e2ndalo de corrup\u00e7\u00e3o envolvendo o INEP: &#8220;n\u00e3o tem moral nenhuma&#8221;, disse. &#8220;N\u00e3o vou abrir m\u00e3o de continuar o que a gente come\u00e7ou. Estamos hoje com quase 120 escolas novas sendo constru\u00eddas na Bahia&#8221;, acrescentou Jer\u00f4nimo, que \u00e9 respons\u00e1vel pelo maior investimento da hist\u00f3ria da Bahia em infraestrutura escolar. Atualmente, mais de R$ 3,5 bilh\u00f5es est\u00e3o sendo aplicados pelo Estado em infraestrutura escolar.<\/h3>\n<h3 style=\"text-align: justify\">Na conversa com jornalistas de Feira, Jer\u00f4nimo tamb\u00e9m falou sobre o fortalecimento do ensino pelo Estado, que j\u00e1 contratou, por meio de concurso p\u00fablico, mais de 3,1 mil professores na gest\u00e3o Rui Costa. &#8220;N\u00f3s anunciamos ontem concurso para as universidades estaduais. Temos concurso aberto para professores da rede estadual&#8221;, pontuou o pr\u00e9-candidato apoiado pelo presidente Lula na Bahia, que concluiu: &#8220;quero muito dialogar com os prefeitos. N\u00f3s faremos uma grande rede de fortalecimento da educa\u00e7\u00e3o baiana e isso passa pelo Estado e pela rela\u00e7\u00e3o com os prefeitos municipais&#8221;, afirmou.<\/h3>\n","protected":false},"excerpt":{"rendered":"<p>O pr\u00e9-candidato do PT ao Governo do Estado, Jer\u00f4nimo Rodrigues, participou da Celebra\u00e7\u00e3o da Paix\u00e3o, na Catedral Metropolitana de Feira de Santana, e percorreu as ruas da cidade na Prociss\u00e3o com o Senhor Morto, nesta Sexta-feira Santa (15). Acompanhado da esposa, do filho, e de outros familiares e lideran\u00e7as da regi\u00e3o, Jer\u00f4nimo manteve a tradi\u00e7\u00e3o [&hellip;]<\/p>\n","protected":false},"author":992,"featured_media":161555,"comment_status":"open","ping_status":"open","sticky":false,"template":"","format":"standard","meta":{"footnotes":"","_links_to":"","_links_to_target":""},"categories":[14],"tags":[],"class_list":["post-161554","post","type-post","status-publish","format-standard","has-post-thumbnail","hentry","category-bahia-geral"],"views":478,"_links":{"self":[{"href":"https:\/\/www.politicosdosuldabahia.com.br\/v1\/wp-json\/wp\/v2\/posts\/161554"}],"collection":[{"href":"https:\/\/www.politicosdosuldabahia.com.br\/v1\/wp-json\/wp\/v2\/posts"}],"about":[{"href":"https:\/\/www.politicosdosuldabahia.com.br\/v1\/wp-json\/wp\/v2\/types\/post"}],"author":[{"embeddable":true,"href":"https:\/\/www.politicosdosuldabahia.com.br\/v1\/wp-json\/wp\/v2\/users\/992"}],"replies":[{"embeddable":true,"href":"https:\/\/www.politicosdosuldabahia.com.br\/v1\/wp-json\/wp\/v2\/comments?post=161554"}],"version-history":[{"count":1,"href":"https:\/\/www.politicosdosuldabahia.com.br\/v1\/wp-json\/wp\/v2\/posts\/161554\/revisions"}],"predecessor-version":[{"id":161556,"href":"https:\/\/www.politicosdosuldabahia.com.br\/v1\/wp-json\/wp\/v2\/posts\/161554\/revisions\/161556"}],"wp:featuredmedia":[{"embeddable":true,"href":"https:\/\/www.politicosdosuldabahia.com.br\/v1\/wp-json\/wp\/v2\/media\/161555"}],"wp:attachment":[{"href":"https:\/\/www.politicosdosuldabahia.com.br\/v1\/wp-json\/wp\/v2\/media?parent=161554"}],"wp:term":[{"taxonomy":"category","embeddable":true,"href":"https:\/\/www.politicosdosuldabahia.com.br\/v1\/wp-json\/wp\/v2\/categories?post=161554"},{"taxonomy":"post_tag","embeddable":true,"href":"https:\/\/www.politicosdosuldabahia.com.br\/v1\/wp-json\/wp\/v2\/tags?post=161554"}],"curies":[{"name":"wp","href":"https:\/\/api.w.org\/{rel}","templated":true}]}}