
{"id":161421,"date":"2022-04-11T22:06:45","date_gmt":"2022-04-12T01:06:45","guid":{"rendered":"http:\/\/www.politicosdosuldabahia.com.br\/v1\/?p=161421"},"modified":"2022-04-11T22:06:45","modified_gmt":"2022-04-12T01:06:45","slug":"em-agenda-de-trabalho-na-cidade-governador-rui-costa-confirma-sao-joao-em-ibicui-e-em-toda-a-bahia","status":"publish","type":"post","link":"https:\/\/www.politicosdosuldabahia.com.br\/v1\/2022\/04\/11\/em-agenda-de-trabalho-na-cidade-governador-rui-costa-confirma-sao-joao-em-ibicui-e-em-toda-a-bahia\/","title":{"rendered":"EM AGENDA DE TRABALHO NA CIDADE, GOVERNADOR RUI COSTA CONFIRMA S\u00c3O JO\u00c3O EM IBICU\u00cd E EM TODA A BAHIA"},"content":{"rendered":"<h3 style=\"text-align: justify\"><img loading=\"lazy\" decoding=\"async\" class=\"size-full wp-image-161422 aligncenter\" src=\"http:\/\/www.politicosdosuldabahia.com.br\/v1\/wp-content\/uploads\/2022\/04\/WhatsApp-Image-2022-04-11-at-19.03.53.jpeg\" alt=\"WhatsApp Image 2022-04-11 at 19.03.53\" width=\"455\" height=\"303\" srcset=\"https:\/\/www.politicosdosuldabahia.com.br\/v1\/wp-content\/uploads\/2022\/04\/WhatsApp-Image-2022-04-11-at-19.03.53.jpeg 455w, https:\/\/www.politicosdosuldabahia.com.br\/v1\/wp-content\/uploads\/2022\/04\/WhatsApp-Image-2022-04-11-at-19.03.53-300x200.jpeg 300w\" sizes=\"(max-width: 455px) 100vw, 455px\" \/><br \/>\nDepois de dois anos sem o t\u00e3o tradicional S\u00e3o Jo\u00e3o, por conta da pandemia, eis a not\u00edcia que os foli\u00f5es de Ibicu\u00ed e todos os baianos tanto aguardavam: vai ter, sim, S\u00e3o Jo\u00e3o.<\/p>\n<p>A not\u00edcia foi anunciada pelo governador Rui Costa, que esteve na terra do forr\u00f3 cumprindo agenda de trabalho. \u201c\u00c9 uma excelente oportunidade para confirmar o S\u00e3o Jo\u00e3o em Ibicu\u00ed e em toda a Bahia. Inclusive, o Governo do Estado vai ajudar as prefeituras para realizar essa festa, que \u00e9 a maior do estado&#8221;, disse o governador.<\/p>\n<p>Com o aux\u00edlio, tamb\u00e9m, da Secretaria de Turismo, Ibicu\u00ed come\u00e7a a se preparar para mais um ano de tradi\u00e7\u00e3o. \u201cAgora, sim, poderemos matar toda a saudade acumulada desses dois anos e fazer, mais uma vez, o melhor S\u00e3o Jo\u00e3o da Bahia, que \u00e9 t\u00e3o importante para a nossa cidade, para a nossa cultura, para a nossa economia. Vem muita coisa boa por a\u00ed! Ibicu\u00ed recebe a todos de bra\u00e7os abertos, com muita alegria e forr\u00f3, como de costume\u201d, afirmou o prefeito Marcos Galv\u00e3o.<\/p>\n<p>Al\u00e9m dos tradicionais festejos juninos na Pra\u00e7a Regis Pacheco, Ibicu\u00ed j\u00e1 tem tr\u00eas festas privadas confirmadas a partir do dia 23 de junho: I Love Ibicu\u00ed, Ticomia e Brega Light.<\/h3>\n","protected":false},"excerpt":{"rendered":"<p>Depois de dois anos sem o t\u00e3o tradicional S\u00e3o Jo\u00e3o, por conta da pandemia, eis a not\u00edcia que os foli\u00f5es de Ibicu\u00ed e todos os baianos tanto aguardavam: vai ter, sim, S\u00e3o Jo\u00e3o. A not\u00edcia foi anunciada pelo governador Rui Costa, que esteve na terra do forr\u00f3 cumprindo agenda de trabalho. \u201c\u00c9 uma excelente oportunidade [&hellip;]<\/p>\n","protected":false},"author":992,"featured_media":161422,"comment_status":"open","ping_status":"open","sticky":false,"template":"","format":"standard","meta":{"footnotes":"","_links_to":"","_links_to_target":""},"categories":[14],"tags":[],"class_list":["post-161421","post","type-post","status-publish","format-standard","has-post-thumbnail","hentry","category-bahia-geral"],"views":487,"_links":{"self":[{"href":"https:\/\/www.politicosdosuldabahia.com.br\/v1\/wp-json\/wp\/v2\/posts\/161421"}],"collection":[{"href":"https:\/\/www.politicosdosuldabahia.com.br\/v1\/wp-json\/wp\/v2\/posts"}],"about":[{"href":"https:\/\/www.politicosdosuldabahia.com.br\/v1\/wp-json\/wp\/v2\/types\/post"}],"author":[{"embeddable":true,"href":"https:\/\/www.politicosdosuldabahia.com.br\/v1\/wp-json\/wp\/v2\/users\/992"}],"replies":[{"embeddable":true,"href":"https:\/\/www.politicosdosuldabahia.com.br\/v1\/wp-json\/wp\/v2\/comments?post=161421"}],"version-history":[{"count":1,"href":"https:\/\/www.politicosdosuldabahia.com.br\/v1\/wp-json\/wp\/v2\/posts\/161421\/revisions"}],"predecessor-version":[{"id":161423,"href":"https:\/\/www.politicosdosuldabahia.com.br\/v1\/wp-json\/wp\/v2\/posts\/161421\/revisions\/161423"}],"wp:featuredmedia":[{"embeddable":true,"href":"https:\/\/www.politicosdosuldabahia.com.br\/v1\/wp-json\/wp\/v2\/media\/161422"}],"wp:attachment":[{"href":"https:\/\/www.politicosdosuldabahia.com.br\/v1\/wp-json\/wp\/v2\/media?parent=161421"}],"wp:term":[{"taxonomy":"category","embeddable":true,"href":"https:\/\/www.politicosdosuldabahia.com.br\/v1\/wp-json\/wp\/v2\/categories?post=161421"},{"taxonomy":"post_tag","embeddable":true,"href":"https:\/\/www.politicosdosuldabahia.com.br\/v1\/wp-json\/wp\/v2\/tags?post=161421"}],"curies":[{"name":"wp","href":"https:\/\/api.w.org\/{rel}","templated":true}]}}