
{"id":161399,"date":"2022-04-11T13:57:35","date_gmt":"2022-04-11T16:57:35","guid":{"rendered":"http:\/\/www.politicosdosuldabahia.com.br\/v1\/?p=161399"},"modified":"2022-04-11T13:57:35","modified_gmt":"2022-04-11T16:57:35","slug":"ex-deputado-e-ex-prefeito-de-jequie-roberto-britto-e-vereador-walmiral-marinho-declaram-apoio-a-sandro-regis","status":"publish","type":"post","link":"https:\/\/www.politicosdosuldabahia.com.br\/v1\/2022\/04\/11\/ex-deputado-e-ex-prefeito-de-jequie-roberto-britto-e-vereador-walmiral-marinho-declaram-apoio-a-sandro-regis\/","title":{"rendered":"EX-DEPUTADO E EX-PREFEITO DE JEQUI\u00c9, ROBERTO BRITTO E VEREADOR WALMIRAL MARINHO DECLARAM APOIO A SANDRO R\u00c9GIS"},"content":{"rendered":"<h3 style=\"text-align: justify\"><img loading=\"lazy\" decoding=\"async\" class=\"size-full wp-image-161397 aligncenter\" src=\"http:\/\/www.politicosdosuldabahia.com.br\/v1\/wp-content\/uploads\/2022\/04\/WhatsApp-Image-2022-04-11-at-13.47.04.jpeg\" alt=\"WhatsApp Image 2022-04-11 at 13.47.04\" width=\"455\" height=\"341\" srcset=\"https:\/\/www.politicosdosuldabahia.com.br\/v1\/wp-content\/uploads\/2022\/04\/WhatsApp-Image-2022-04-11-at-13.47.04.jpeg 455w, https:\/\/www.politicosdosuldabahia.com.br\/v1\/wp-content\/uploads\/2022\/04\/WhatsApp-Image-2022-04-11-at-13.47.04-300x225.jpeg 300w, https:\/\/www.politicosdosuldabahia.com.br\/v1\/wp-content\/uploads\/2022\/04\/WhatsApp-Image-2022-04-11-at-13.47.04-400x300.jpeg 400w\" sizes=\"(max-width: 455px) 100vw, 455px\" \/><\/h3>\n<h3 style=\"text-align: justify\">O ex-prefeito de Jequi\u00e9 e ex-deputado Roberto Britto (PP) declarou apoio ao deputado estadual Sandro R\u00e9gis (Uni\u00e3o Brasil) durante evento na noite desta sexta-feira no munic\u00edpio da regi\u00e3o do M\u00e9dio Rio de Contas da Bahia. O ato pol\u00edtico contou com a participa\u00e7\u00e3o de diversas lideran\u00e7as da regi\u00e3o, a exemplo dos prefeitos de Itagi, Dr. Olival; de Boa Nova, Adonias Rocha; de Itaet\u00ea, Zenildo Matos; de Aiquara, Dalmar; e de Iramaia, Tunga.<\/h3>\n<h3 style=\"text-align: justify\">Tamb\u00e9m participaram o vereador de Jequi\u00e9 Walmiral Marinho (PP), os ex-prefeitos de Ibirataia Jorge Fair, de Itagib\u00e1 Dr. Gilson Fonseca, e de Jita\u00fana, Edisio, al\u00e9m de outras lideran\u00e7as da regi\u00e3o. &#8220;Sou muito grato pelo apoio de Roberto e de todas as lideran\u00e7as. Agrade\u00e7o muito a todos que est\u00e3o caminhando ao meu lado e ao lado do nosso pr\u00f3ximo governador, ACM Neto&#8221;, disse R\u00e9gis.<\/h3>\n<h3 style=\"text-align: justify\">O deputado destacou que, com Neto governador, ir\u00e1 trabalhar ainda mais pela regi\u00e3o. &#8220;Todos sabem do meu compromisso com a regi\u00e3o e com as pessoas. Vou me dedicar ainda mais pelo desenvolvimento dos munic\u00edpios e pela melhoria da qualidade de vida da popula\u00e7\u00e3o&#8221;, salientou.<\/h3>\n<h3 style=\"text-align: justify\">O pr\u00e9-candidato a governador ACM Neto (Uni\u00e3o Brasil) envio uma mensagem por meio de v\u00eddeo para os participantes do evento e classificou Sandro R\u00e9gis como &#8220;um dos aliados mais importantes que n\u00f3s temos nesse projeto&#8221;. &#8220;N\u00e3o tenho d\u00favida nenhuma de que voc\u00ea vai ser um dos deputados estaduais mais votados de toda a Bahia, por merecimento, pelo reconhecimento do nosso povo ao grande trabalho que voc\u00ea realiza na Assembleia Legislativa&#8221;, disse.<\/h3>\n<h3 style=\"text-align: justify\">Neto ainda afirmou que Sandro \u00e9 sempre muito coerente, parceiro dos sues parceiros, amigo, correto e leal. &#8220;Sandro sem d\u00favida alguma \u00e9 um dos aliados mais importantes que n\u00f3s temos nesse projeto de constru\u00e7\u00e3o do futuro da Bahia. Sandro est\u00e1 conosco nesta caminhada que ser\u00e1 vitoriosa com as gra\u00e7as de Deus e com o apoio do povo baiano&#8221;, declarou.<\/h3>\n","protected":false},"excerpt":{"rendered":"<p>O ex-prefeito de Jequi\u00e9 e ex-deputado Roberto Britto (PP) declarou apoio ao deputado estadual Sandro R\u00e9gis (Uni\u00e3o Brasil) durante evento na noite desta sexta-feira no munic\u00edpio da regi\u00e3o do M\u00e9dio Rio de Contas da Bahia. O ato pol\u00edtico contou com a participa\u00e7\u00e3o de diversas lideran\u00e7as da regi\u00e3o, a exemplo dos prefeitos de Itagi, Dr. Olival; [&hellip;]<\/p>\n","protected":false},"author":992,"featured_media":161397,"comment_status":"open","ping_status":"open","sticky":false,"template":"","format":"standard","meta":{"footnotes":"","_links_to":"","_links_to_target":""},"categories":[14,4],"tags":[],"class_list":["post-161399","post","type-post","status-publish","format-standard","has-post-thumbnail","hentry","category-bahia-geral","category-politica"],"views":635,"_links":{"self":[{"href":"https:\/\/www.politicosdosuldabahia.com.br\/v1\/wp-json\/wp\/v2\/posts\/161399"}],"collection":[{"href":"https:\/\/www.politicosdosuldabahia.com.br\/v1\/wp-json\/wp\/v2\/posts"}],"about":[{"href":"https:\/\/www.politicosdosuldabahia.com.br\/v1\/wp-json\/wp\/v2\/types\/post"}],"author":[{"embeddable":true,"href":"https:\/\/www.politicosdosuldabahia.com.br\/v1\/wp-json\/wp\/v2\/users\/992"}],"replies":[{"embeddable":true,"href":"https:\/\/www.politicosdosuldabahia.com.br\/v1\/wp-json\/wp\/v2\/comments?post=161399"}],"version-history":[{"count":1,"href":"https:\/\/www.politicosdosuldabahia.com.br\/v1\/wp-json\/wp\/v2\/posts\/161399\/revisions"}],"predecessor-version":[{"id":161400,"href":"https:\/\/www.politicosdosuldabahia.com.br\/v1\/wp-json\/wp\/v2\/posts\/161399\/revisions\/161400"}],"wp:featuredmedia":[{"embeddable":true,"href":"https:\/\/www.politicosdosuldabahia.com.br\/v1\/wp-json\/wp\/v2\/media\/161397"}],"wp:attachment":[{"href":"https:\/\/www.politicosdosuldabahia.com.br\/v1\/wp-json\/wp\/v2\/media?parent=161399"}],"wp:term":[{"taxonomy":"category","embeddable":true,"href":"https:\/\/www.politicosdosuldabahia.com.br\/v1\/wp-json\/wp\/v2\/categories?post=161399"},{"taxonomy":"post_tag","embeddable":true,"href":"https:\/\/www.politicosdosuldabahia.com.br\/v1\/wp-json\/wp\/v2\/tags?post=161399"}],"curies":[{"name":"wp","href":"https:\/\/api.w.org\/{rel}","templated":true}]}}