
{"id":161386,"date":"2022-04-11T11:00:03","date_gmt":"2022-04-11T14:00:03","guid":{"rendered":"http:\/\/www.politicosdosuldabahia.com.br\/v1\/?p=161386"},"modified":"2022-04-11T11:00:03","modified_gmt":"2022-04-11T14:00:03","slug":"depois-de-10-anos-em-1-roma-quer-40-anos-de-realizacoes-em-4-na-bahia","status":"publish","type":"post","link":"https:\/\/www.politicosdosuldabahia.com.br\/v1\/2022\/04\/11\/depois-de-10-anos-em-1-roma-quer-40-anos-de-realizacoes-em-4-na-bahia\/","title":{"rendered":"DEPOIS DE 10 ANOS EM 1, ROMA QUER 40 ANOS DE REALIZA\u00c7\u00d5ES EM 4 NA BAHIA"},"content":{"rendered":"<h3 style=\"text-align: justify\"><img loading=\"lazy\" decoding=\"async\" class=\"wp-image-161387 aligncenter\" src=\"http:\/\/www.politicosdosuldabahia.com.br\/v1\/wp-content\/uploads\/2022\/04\/WhatsApp-Image-2022-04-10-at-15.57.12.jpeg\" alt=\"WhatsApp Image 2022-04-10 at 15.57.12\" width=\"316\" height=\"455\" srcset=\"https:\/\/www.politicosdosuldabahia.com.br\/v1\/wp-content\/uploads\/2022\/04\/WhatsApp-Image-2022-04-10-at-15.57.12.jpeg 712w, https:\/\/www.politicosdosuldabahia.com.br\/v1\/wp-content\/uploads\/2022\/04\/WhatsApp-Image-2022-04-10-at-15.57.12-209x300.jpeg 209w\" sizes=\"(max-width: 316px) 100vw, 316px\" \/><\/p>\n<p>Pai do Aux\u00edlio Brasil, o ex-ministro da Cidadania e pr\u00e9-candidato a governador da Bahia, deputado federal Jo\u00e3o Roma, destacou a necessidade de a Bahia retomar seu protagonismo nacional em pronunciamento durante o lan\u00e7amento da pedra fundamental do distrito industrial de Cruz das Almas.<\/p>\n<p>\u201cN\u00e3o d\u00e1 para ver o Brasil seguindo em frente e o governo da Bahia remando pro lado. Perdemos peso na economia nacional\u201d, afirmou ele, lembrando que hoje Santa Catarina tem o PIB maior que o baiano, e outros estados, a exemplo de Goi\u00e1s, Pernambuco e Cear\u00e1, se aproximam. \u201cSalvador que liderava a economia nordestina j\u00e1 foi superada por Fortaleza\u201d, disse Roma.<\/p>\n<p>Para o pr\u00e9-candidato liberal ao governo baiano, a Bahia n\u00e3o \u00e9 um problema para o Brasil. \u201cA Bahia \u00e9 solu\u00e7\u00e3o para o Brasil, com as in\u00fameras potencialidades que tem nos mais diversos setores que precisam ser exploradas para o desenvolvimento social e econ\u00f4mico do povo baiano e de todo o pa\u00eds\u201d.<\/p>\n<p>Roma citou o exemplo da matriz energ\u00e9tica da Bahia, que \u00e9 70% renov\u00e1vel, n\u00e3o se restringindo \u00e0 hidreletricidade, mas que vem se diversificando com outras fontes, como a e\u00f3lica e solar. \u201cChegou a hora tamb\u00e9m de despontarmos na \u00e1rea de tecnologia. Direcionar a criatividade genu\u00edna do povo baiano para o desenvolvimento desse din\u00e2mico setor da economia\u201d.<\/p>\n<p>O ex-ministro disse que, caso seja eleito governador da Bahia, pretende repetir o mesmo ritmo de trabalho de quando esteve no Minist\u00e9rio da Cidadania.<\/p>\n<p>\u201cEm Bras\u00edlia, desenvolvemos in\u00fameras a\u00e7\u00f5es, com destaque para o Aux\u00edlio Brasil, que representaram o trabalho de 10 anos em apenas um. Na Bahia, vamos nos esfor\u00e7ar para, em quatro anos, fazermos o trabalho que duraria 40 e colocar o nosso estado na posi\u00e7\u00e3o de lideran\u00e7a que merece\u201d, disse o pr\u00e9-candidato bolsonarista.<\/p>\n<p>Neste final de semana, al\u00e9m de Cruz das Almas, Jo\u00e3o Roma esteve, no domingo, em Feira de Santana e Concei\u00e7\u00e3o do Coit\u00e9, pela tarde. No s\u00e1bado, visitou Parapiranga e Coronel Jo\u00e3o S\u00e1.<\/h3>\n","protected":false},"excerpt":{"rendered":"<p>Pai do Aux\u00edlio Brasil, o ex-ministro da Cidadania e pr\u00e9-candidato a governador da Bahia, deputado federal Jo\u00e3o Roma, destacou a necessidade de a Bahia retomar seu protagonismo nacional em pronunciamento durante o lan\u00e7amento da pedra fundamental do distrito industrial de Cruz das Almas. \u201cN\u00e3o d\u00e1 para ver o Brasil seguindo em frente e o governo [&hellip;]<\/p>\n","protected":false},"author":992,"featured_media":161387,"comment_status":"open","ping_status":"open","sticky":false,"template":"","format":"standard","meta":{"footnotes":"","_links_to":"","_links_to_target":""},"categories":[14,4],"tags":[],"class_list":["post-161386","post","type-post","status-publish","format-standard","has-post-thumbnail","hentry","category-bahia-geral","category-politica"],"views":517,"_links":{"self":[{"href":"https:\/\/www.politicosdosuldabahia.com.br\/v1\/wp-json\/wp\/v2\/posts\/161386"}],"collection":[{"href":"https:\/\/www.politicosdosuldabahia.com.br\/v1\/wp-json\/wp\/v2\/posts"}],"about":[{"href":"https:\/\/www.politicosdosuldabahia.com.br\/v1\/wp-json\/wp\/v2\/types\/post"}],"author":[{"embeddable":true,"href":"https:\/\/www.politicosdosuldabahia.com.br\/v1\/wp-json\/wp\/v2\/users\/992"}],"replies":[{"embeddable":true,"href":"https:\/\/www.politicosdosuldabahia.com.br\/v1\/wp-json\/wp\/v2\/comments?post=161386"}],"version-history":[{"count":1,"href":"https:\/\/www.politicosdosuldabahia.com.br\/v1\/wp-json\/wp\/v2\/posts\/161386\/revisions"}],"predecessor-version":[{"id":161388,"href":"https:\/\/www.politicosdosuldabahia.com.br\/v1\/wp-json\/wp\/v2\/posts\/161386\/revisions\/161388"}],"wp:featuredmedia":[{"embeddable":true,"href":"https:\/\/www.politicosdosuldabahia.com.br\/v1\/wp-json\/wp\/v2\/media\/161387"}],"wp:attachment":[{"href":"https:\/\/www.politicosdosuldabahia.com.br\/v1\/wp-json\/wp\/v2\/media?parent=161386"}],"wp:term":[{"taxonomy":"category","embeddable":true,"href":"https:\/\/www.politicosdosuldabahia.com.br\/v1\/wp-json\/wp\/v2\/categories?post=161386"},{"taxonomy":"post_tag","embeddable":true,"href":"https:\/\/www.politicosdosuldabahia.com.br\/v1\/wp-json\/wp\/v2\/tags?post=161386"}],"curies":[{"name":"wp","href":"https:\/\/api.w.org\/{rel}","templated":true}]}}