
{"id":161317,"date":"2022-04-07T14:14:25","date_gmt":"2022-04-07T17:14:25","guid":{"rendered":"http:\/\/www.politicosdosuldabahia.com.br\/v1\/?p=161317"},"modified":"2022-04-07T14:14:25","modified_gmt":"2022-04-07T17:14:25","slug":"itabuna-recebeu-projeto-move-mulher-na-ultima-sexta-feira","status":"publish","type":"post","link":"https:\/\/www.politicosdosuldabahia.com.br\/v1\/2022\/04\/07\/itabuna-recebeu-projeto-move-mulher-na-ultima-sexta-feira\/","title":{"rendered":"ITABUNA RECEBEU PROJETO MOVE MULHER NA \u00daLTIMA SEXTA-FEIRA"},"content":{"rendered":"<h3 style=\"text-align: justify\"><img loading=\"lazy\" decoding=\"async\" class=\"wp-image-161318 aligncenter\" src=\"http:\/\/www.politicosdosuldabahia.com.br\/v1\/wp-content\/uploads\/2022\/04\/WhatsApp-Image-2022-04-06-at-17.45.07.jpeg\" alt=\"WhatsApp Image 2022-04-06 at 17.45.07\" width=\"455\" height=\"254\" srcset=\"https:\/\/www.politicosdosuldabahia.com.br\/v1\/wp-content\/uploads\/2022\/04\/WhatsApp-Image-2022-04-06-at-17.45.07.jpeg 750w, https:\/\/www.politicosdosuldabahia.com.br\/v1\/wp-content\/uploads\/2022\/04\/WhatsApp-Image-2022-04-06-at-17.45.07-300x167.jpeg 300w\" sizes=\"(max-width: 455px) 100vw, 455px\" \/><\/h3>\n<h3 style=\"text-align: justify\">A cidade de Itabuna recebeu o Move Mulher Empreendedora na \u00faltima sexta-feira, na Est\u00e2ncia Santo Ant\u00f4nio. O movimento, que estimula o empreendedorismo feminino por voca\u00e7\u00e3o, com t\u00e9cnica e conhecimento, j\u00e1 vem percorrendo in\u00fameras cidades. As empreendedoras est\u00e3o sendo ouvidas em toda a Bahia tamb\u00e9m para mapeamento das necessidades e do potencial do empreendedorismo feminino no Estado.<\/h3>\n<h3 style=\"text-align: justify\">De acordo com Roberta Caires, coordenadora-geral do Move Mulher, o objetivo \u00e9 \u201cseguir pela Bahia tra\u00e7ando um diagn\u00f3stico do empreendedorismo feminino, em exerc\u00edcio de escuta ativa, de maneira participativa, para a constru\u00e7\u00e3o do Plano Estrat\u00e9gico de Desenvolvimento Feminino, Inova\u00e7\u00e3o e Neg\u00f3cios para o Estado da Bahia.<\/h3>\n<h3 style=\"text-align: justify\">\u201cDespertar mulheres para o empreendedorismo, como transforma\u00e7\u00e3o das suas realidades, \u00e9 important\u00edssimo. Al\u00e9m disso, ampara-las para acelerar a economia, tanto pr\u00f3pria, de suas fam\u00edlias, quanto do estado\u201d, defendeu Manuela Berbert, empreendedora e uma das mobilizadoras do projeto.<\/h3>\n<h3 style=\"text-align: justify\">De acordo com o Sebrae, a Bahia representa 6% do total de empreendedoras do pa\u00eds, quase 500 mil empreendedoras, 57% delas s\u00e3o chefes de domic\u00edlio e 82% ganham at\u00e9 um sal\u00e1rio m\u00ednimo.<\/h3>\n","protected":false},"excerpt":{"rendered":"<p>A cidade de Itabuna recebeu o Move Mulher Empreendedora na \u00faltima sexta-feira, na Est\u00e2ncia Santo Ant\u00f4nio. O movimento, que estimula o empreendedorismo feminino por voca\u00e7\u00e3o, com t\u00e9cnica e conhecimento, j\u00e1 vem percorrendo in\u00fameras cidades. As empreendedoras est\u00e3o sendo ouvidas em toda a Bahia tamb\u00e9m para mapeamento das necessidades e do potencial do empreendedorismo feminino no [&hellip;]<\/p>\n","protected":false},"author":992,"featured_media":161318,"comment_status":"open","ping_status":"open","sticky":false,"template":"","format":"standard","meta":{"footnotes":"","_links_to":"","_links_to_target":""},"categories":[14,3],"tags":[],"class_list":["post-161317","post","type-post","status-publish","format-standard","has-post-thumbnail","hentry","category-bahia-geral","category-cidades"],"views":610,"_links":{"self":[{"href":"https:\/\/www.politicosdosuldabahia.com.br\/v1\/wp-json\/wp\/v2\/posts\/161317"}],"collection":[{"href":"https:\/\/www.politicosdosuldabahia.com.br\/v1\/wp-json\/wp\/v2\/posts"}],"about":[{"href":"https:\/\/www.politicosdosuldabahia.com.br\/v1\/wp-json\/wp\/v2\/types\/post"}],"author":[{"embeddable":true,"href":"https:\/\/www.politicosdosuldabahia.com.br\/v1\/wp-json\/wp\/v2\/users\/992"}],"replies":[{"embeddable":true,"href":"https:\/\/www.politicosdosuldabahia.com.br\/v1\/wp-json\/wp\/v2\/comments?post=161317"}],"version-history":[{"count":1,"href":"https:\/\/www.politicosdosuldabahia.com.br\/v1\/wp-json\/wp\/v2\/posts\/161317\/revisions"}],"predecessor-version":[{"id":161319,"href":"https:\/\/www.politicosdosuldabahia.com.br\/v1\/wp-json\/wp\/v2\/posts\/161317\/revisions\/161319"}],"wp:featuredmedia":[{"embeddable":true,"href":"https:\/\/www.politicosdosuldabahia.com.br\/v1\/wp-json\/wp\/v2\/media\/161318"}],"wp:attachment":[{"href":"https:\/\/www.politicosdosuldabahia.com.br\/v1\/wp-json\/wp\/v2\/media?parent=161317"}],"wp:term":[{"taxonomy":"category","embeddable":true,"href":"https:\/\/www.politicosdosuldabahia.com.br\/v1\/wp-json\/wp\/v2\/categories?post=161317"},{"taxonomy":"post_tag","embeddable":true,"href":"https:\/\/www.politicosdosuldabahia.com.br\/v1\/wp-json\/wp\/v2\/tags?post=161317"}],"curies":[{"name":"wp","href":"https:\/\/api.w.org\/{rel}","templated":true}]}}