
{"id":161193,"date":"2022-04-05T13:17:32","date_gmt":"2022-04-05T16:17:32","guid":{"rendered":"http:\/\/www.politicosdosuldabahia.com.br\/v1\/?p=161193"},"modified":"2022-04-05T13:17:32","modified_gmt":"2022-04-05T16:17:32","slug":"presidente-da-comissao-de-infraestrutura-e-turismo-pedro-tavares-diz-que-e-abusivo-o-aumento-na-tarifa-de-embarque-praticado-pela-agerba","status":"publish","type":"post","link":"https:\/\/www.politicosdosuldabahia.com.br\/v1\/2022\/04\/05\/presidente-da-comissao-de-infraestrutura-e-turismo-pedro-tavares-diz-que-e-abusivo-o-aumento-na-tarifa-de-embarque-praticado-pela-agerba\/","title":{"rendered":"PRESIDENTE DA COMISS\u00c3O DE INFRAESTRUTURA E TURISMO, PEDRO TAVARES DIZ QUE \u00c9 ABUSIVO O AUMENTO NA TARIFA DE EMBARQUE, PRATICADO PELA AGERBA"},"content":{"rendered":"<h3 style=\"text-align: justify\"><img loading=\"lazy\" decoding=\"async\" class=\"size-full wp-image-161201 aligncenter\" src=\"http:\/\/www.politicosdosuldabahia.com.br\/v1\/wp-content\/uploads\/2022\/04\/WhatsApp-Image-2022-04-05-at-11.24.09.jpeg\" alt=\"WhatsApp Image 2022-04-05 at 11.24.09\" width=\"336\" height=\"455\" srcset=\"https:\/\/www.politicosdosuldabahia.com.br\/v1\/wp-content\/uploads\/2022\/04\/WhatsApp-Image-2022-04-05-at-11.24.09.jpeg 336w, https:\/\/www.politicosdosuldabahia.com.br\/v1\/wp-content\/uploads\/2022\/04\/WhatsApp-Image-2022-04-05-at-11.24.09-222x300.jpeg 222w\" sizes=\"(max-width: 336px) 100vw, 336px\" \/><\/h3>\n<h3 style=\"text-align: justify\">O presidente da Comiss\u00e3o de Infraestrutura, Desenvolvimento Econ\u00f4mico e Turismo, deputado estadual Pedro Tavares (Uni\u00e3o Brasil) condenou o aumento das taxas de embarque das escunas que fazem viagens para Morro de S\u00e3o Paulo, em Cairu, e passeio das ilhas na\u00a0Ba\u00eda de Todos-os-Santos. Novos valores para as viagens foram anunciados pela Ag\u00eancia Estadual de Regula\u00e7\u00e3o de Servi\u00e7os P\u00fablicos de Energia, Transportes e Comunica\u00e7\u00f5es da Bahia (Agerba). O reajuste de quase 400%, referente \u00e0 tarifa de utiliza\u00e7\u00e3o de terminal \u2013 conhecida como Tute entrou em vigor no \u00faltimo s\u00e1bado, motivando protestos de transportadores na rampa do Mercado Modelo.<\/h3>\n<h3 style=\"text-align: justify\">\n&#8220;\u00c9 injustific\u00e1vel esse aumento abusivo por parte da Agerba para as taxas de embarque. N\u00e3o podemos aceitar esse absurdo, que impacta diretamente no bolso dos cidad\u00e3os que precisam do servi\u00e7o de transporte. Al\u00e9m disso, o reajuste pode dificultar esse momento de retomada mais intensa do turismo local, depois das consequ\u00eancias negativas da pandemia\u201d, condenou.<\/h3>\n<h3 style=\"text-align: justify\">\nA taxa de embarque passou de R$2,20 para R$10,90. Operadores das escunas calculam que o aumento reflete diretamente no pre\u00e7o final das passagens e pode causar redu\u00e7\u00e3o no fluxo de clientes.<\/h3>\n","protected":false},"excerpt":{"rendered":"<p>O presidente da Comiss\u00e3o de Infraestrutura, Desenvolvimento Econ\u00f4mico e Turismo, deputado estadual Pedro Tavares (Uni\u00e3o Brasil) condenou o aumento das taxas de embarque das escunas que fazem viagens para Morro de S\u00e3o Paulo, em Cairu, e passeio das ilhas na\u00a0Ba\u00eda de Todos-os-Santos. Novos valores para as viagens foram anunciados pela Ag\u00eancia Estadual de Regula\u00e7\u00e3o de [&hellip;]<\/p>\n","protected":false},"author":992,"featured_media":161201,"comment_status":"open","ping_status":"open","sticky":false,"template":"","format":"standard","meta":{"footnotes":"","_links_to":"","_links_to_target":""},"categories":[14],"tags":[],"class_list":["post-161193","post","type-post","status-publish","format-standard","has-post-thumbnail","hentry","category-bahia-geral"],"views":559,"_links":{"self":[{"href":"https:\/\/www.politicosdosuldabahia.com.br\/v1\/wp-json\/wp\/v2\/posts\/161193"}],"collection":[{"href":"https:\/\/www.politicosdosuldabahia.com.br\/v1\/wp-json\/wp\/v2\/posts"}],"about":[{"href":"https:\/\/www.politicosdosuldabahia.com.br\/v1\/wp-json\/wp\/v2\/types\/post"}],"author":[{"embeddable":true,"href":"https:\/\/www.politicosdosuldabahia.com.br\/v1\/wp-json\/wp\/v2\/users\/992"}],"replies":[{"embeddable":true,"href":"https:\/\/www.politicosdosuldabahia.com.br\/v1\/wp-json\/wp\/v2\/comments?post=161193"}],"version-history":[{"count":1,"href":"https:\/\/www.politicosdosuldabahia.com.br\/v1\/wp-json\/wp\/v2\/posts\/161193\/revisions"}],"predecessor-version":[{"id":161202,"href":"https:\/\/www.politicosdosuldabahia.com.br\/v1\/wp-json\/wp\/v2\/posts\/161193\/revisions\/161202"}],"wp:featuredmedia":[{"embeddable":true,"href":"https:\/\/www.politicosdosuldabahia.com.br\/v1\/wp-json\/wp\/v2\/media\/161201"}],"wp:attachment":[{"href":"https:\/\/www.politicosdosuldabahia.com.br\/v1\/wp-json\/wp\/v2\/media?parent=161193"}],"wp:term":[{"taxonomy":"category","embeddable":true,"href":"https:\/\/www.politicosdosuldabahia.com.br\/v1\/wp-json\/wp\/v2\/categories?post=161193"},{"taxonomy":"post_tag","embeddable":true,"href":"https:\/\/www.politicosdosuldabahia.com.br\/v1\/wp-json\/wp\/v2\/tags?post=161193"}],"curies":[{"name":"wp","href":"https:\/\/api.w.org\/{rel}","templated":true}]}}