
{"id":161069,"date":"2022-03-31T18:55:02","date_gmt":"2022-03-31T21:55:02","guid":{"rendered":"http:\/\/www.politicosdosuldabahia.com.br\/v1\/?p=161069"},"modified":"2022-03-31T18:55:02","modified_gmt":"2022-03-31T21:55:02","slug":"wagner-fala-em-esperanca-e-prosperidade-para-a-bahia-e-o-brasil-com-lula","status":"publish","type":"post","link":"https:\/\/www.politicosdosuldabahia.com.br\/v1\/2022\/03\/31\/wagner-fala-em-esperanca-e-prosperidade-para-a-bahia-e-o-brasil-com-lula\/","title":{"rendered":"WAGNER FALA EM ESPERAN\u00c7A E PROSPERIDADE PARA A BAHIA E O BRASIL COM LULA"},"content":{"rendered":"<h3 style=\"text-align: justify\"><img loading=\"lazy\" decoding=\"async\" class=\"size-full wp-image-158885 aligncenter\" src=\"http:\/\/www.politicosdosuldabahia.com.br\/v1\/wp-content\/uploads\/2022\/01\/JaquesWagner-e1643638869324.jpeg\" alt=\"JaquesWagner\" width=\"499\" height=\"333\" \/><\/h3>\n<h3 style=\"text-align: justify\">Em um discurso reto e bem objetivo, o senador Jaques Wagner (PT) defendeu que o pa\u00eds precisa respirar novos ares de liberdade e civilidade em contraponto ao atual presidente da Rep\u00fablica. Ele afirmou que a elei\u00e7\u00e3o desse ano vai ser presidida pela \u201cesperan\u00e7a e prosperidade\u201d e que \u201cquando o povo brasileiro sonha com a prosperidade e olha, o nome da prosperidade chama-se Lula.<\/h3>\n<h3 style=\"text-align: justify\">Citando o hino da Bahia, o senador disse que \u201ccom tiranos n\u00e3o combinam brasileiros cora\u00e7\u00f5es\u201d e que o povo n\u00e3o quer a volta da tirania. Wagner ainda ressaltou que quer \u201cliberdade para a imprensa, para os trabalhadores e para os empres\u00e1rios\u201d.<\/h3>\n","protected":false},"excerpt":{"rendered":"<p>Em um discurso reto e bem objetivo, o senador Jaques Wagner (PT) defendeu que o pa\u00eds precisa respirar novos ares de liberdade e civilidade em contraponto ao atual presidente da Rep\u00fablica. Ele afirmou que a elei\u00e7\u00e3o desse ano vai ser presidida pela \u201cesperan\u00e7a e prosperidade\u201d e que \u201cquando o povo brasileiro sonha com a prosperidade [&hellip;]<\/p>\n","protected":false},"author":992,"featured_media":158885,"comment_status":"open","ping_status":"open","sticky":false,"template":"","format":"standard","meta":{"footnotes":"","_links_to":"","_links_to_target":""},"categories":[14,4],"tags":[],"class_list":["post-161069","post","type-post","status-publish","format-standard","has-post-thumbnail","hentry","category-bahia-geral","category-politica"],"views":567,"_links":{"self":[{"href":"https:\/\/www.politicosdosuldabahia.com.br\/v1\/wp-json\/wp\/v2\/posts\/161069"}],"collection":[{"href":"https:\/\/www.politicosdosuldabahia.com.br\/v1\/wp-json\/wp\/v2\/posts"}],"about":[{"href":"https:\/\/www.politicosdosuldabahia.com.br\/v1\/wp-json\/wp\/v2\/types\/post"}],"author":[{"embeddable":true,"href":"https:\/\/www.politicosdosuldabahia.com.br\/v1\/wp-json\/wp\/v2\/users\/992"}],"replies":[{"embeddable":true,"href":"https:\/\/www.politicosdosuldabahia.com.br\/v1\/wp-json\/wp\/v2\/comments?post=161069"}],"version-history":[{"count":1,"href":"https:\/\/www.politicosdosuldabahia.com.br\/v1\/wp-json\/wp\/v2\/posts\/161069\/revisions"}],"predecessor-version":[{"id":161070,"href":"https:\/\/www.politicosdosuldabahia.com.br\/v1\/wp-json\/wp\/v2\/posts\/161069\/revisions\/161070"}],"wp:featuredmedia":[{"embeddable":true,"href":"https:\/\/www.politicosdosuldabahia.com.br\/v1\/wp-json\/wp\/v2\/media\/158885"}],"wp:attachment":[{"href":"https:\/\/www.politicosdosuldabahia.com.br\/v1\/wp-json\/wp\/v2\/media?parent=161069"}],"wp:term":[{"taxonomy":"category","embeddable":true,"href":"https:\/\/www.politicosdosuldabahia.com.br\/v1\/wp-json\/wp\/v2\/categories?post=161069"},{"taxonomy":"post_tag","embeddable":true,"href":"https:\/\/www.politicosdosuldabahia.com.br\/v1\/wp-json\/wp\/v2\/tags?post=161069"}],"curies":[{"name":"wp","href":"https:\/\/api.w.org\/{rel}","templated":true}]}}