
{"id":160825,"date":"2022-03-25T10:14:40","date_gmt":"2022-03-25T13:14:40","guid":{"rendered":"http:\/\/www.politicosdosuldabahia.com.br\/v1\/?p=160825"},"modified":"2022-03-25T10:14:57","modified_gmt":"2022-03-25T13:14:57","slug":"podemos-e-o-quarto-partido-a-oficializar-apoio-a-pre-candidatura-de-acm-neto","status":"publish","type":"post","link":"https:\/\/www.politicosdosuldabahia.com.br\/v1\/2022\/03\/25\/podemos-e-o-quarto-partido-a-oficializar-apoio-a-pre-candidatura-de-acm-neto\/","title":{"rendered":"PODEMOS \u00c9 O QUARTO PARTIDO A OFICIALIZAR APOIO \u00c0 PR\u00c9-CANDIDATURA DE ACM NETO"},"content":{"rendered":"<h3 style=\"text-align: justify\"><img loading=\"lazy\" decoding=\"async\" class=\"wp-image-160826 aligncenter\" src=\"http:\/\/www.politicosdosuldabahia.com.br\/v1\/wp-content\/uploads\/2022\/03\/WhatsApp-Image-2022-03-25-at-09.33.58.jpeg\" alt=\"WhatsApp Image 2022-03-25 at 09.33.58\" width=\"455\" height=\"303\" srcset=\"https:\/\/www.politicosdosuldabahia.com.br\/v1\/wp-content\/uploads\/2022\/03\/WhatsApp-Image-2022-03-25-at-09.33.58.jpeg 1280w, https:\/\/www.politicosdosuldabahia.com.br\/v1\/wp-content\/uploads\/2022\/03\/WhatsApp-Image-2022-03-25-at-09.33.58-300x200.jpeg 300w, https:\/\/www.politicosdosuldabahia.com.br\/v1\/wp-content\/uploads\/2022\/03\/WhatsApp-Image-2022-03-25-at-09.33.58-768x512.jpeg 768w, https:\/\/www.politicosdosuldabahia.com.br\/v1\/wp-content\/uploads\/2022\/03\/WhatsApp-Image-2022-03-25-at-09.33.58-1024x682.jpeg 1024w\" sizes=\"(max-width: 455px) 100vw, 455px\" \/><\/h3>\n<h3 style=\"text-align: justify\">&#8220;N\u00f3s precisamos de pessoas como ACM Neto na pol\u00edtica do nosso pa\u00eds&#8221;, ressaltou presidente nacional da legenda, Renata Abreu<\/h3>\n<h3 style=\"text-align: justify\">Na noite desta quinta-feira (24), o Podemos oficializou o apoio do partido \u00e0 pr\u00e9-candidatura de ACM Neto ao Governo da Bahia. O evento foi realizado em Salvador, e contou com a presen\u00e7a da presidente nacional da sigla, a deputada federal Renata Abreu.<\/h3>\n<h3 style=\"text-align: justify\">ACM Neto fez quest\u00e3o de lembrar que durante as elei\u00e7\u00f5es de 2012, o Podemos comp\u00f4s a base de partidos de apoio \u00e0 sua candidatura. E enfatizou: &#8220;N\u00f3s fomos buscar a maior, mais forte e s\u00f3lida alian\u00e7a que pode existir. Que tem que vir antes de qualquer alian\u00e7a com os partidos pol\u00edticos. Que \u00e9 a alian\u00e7a com o povo&#8221;.<\/h3>\n<h3 style=\"text-align: justify\">&#8220;Esse partido cresceu em nosso estado muito pr\u00f3ximo da gente. O Podemos \u00e9 como uma extens\u00e3o do que eu acredito, do que penso, do que eu me identifico&#8221;, disse em manifesta\u00e7\u00e3o aos presentes.<\/h3>\n<h3 style=\"text-align: justify\">A presidente nacional da legenda destacou que o Brasil precisa de pessoas como ACM Neto na pol\u00edtica estadual e federal, capazes de dialogar, construir pontes e entregar solu\u00e7\u00f5es reais para toda a popula\u00e7\u00e3o.<\/h3>\n<h3 style=\"text-align: justify\">&#8220;N\u00e3o \u00e9 ele que precisa da gente, somos n\u00f3s que precisamos de pessoas como ele na pol\u00edtica do nosso estado e do nosso pa\u00eds. Eu n\u00e3o tenho d\u00favidas de que ACM Neto vai honrar, como honrou na cidade de Salvador, a hist\u00f3ria que a sua fam\u00edlia construiu&#8221;, ressaltou.<\/h3>\n<h3 style=\"text-align: justify\">&#8220;E eu quero poder estar, l\u00e1 de Bras\u00edlia, sempre te ajudando a resgatar ainda mais o orgulho do povo baiano, que ama tanto esse estado&#8221;, disse Renata Abreu.<\/h3>\n<h3 style=\"text-align: justify\">O Podemos \u00e9 a quarta legenda a declarar apoio oficial \u00e0 pr\u00e9-candidatura do ex-prefeito de Salvador. Tamb\u00e9m est\u00e3o nessa base o Cidadania, o Solidariedade e o PP.<\/h3>\n<h3 style=\"text-align: justify\"><strong>For\u00e7a Local<\/strong><\/h3>\n<h3 style=\"text-align: justify\">Na cerim\u00f4nia, o Podemos tamb\u00e9m empossou a nova Executiva Estadual do partido, que ser\u00e1 liderada pelo empres\u00e1rio Gabriel Melo.<\/h3>\n<h3 style=\"text-align: justify\">Natural de Itabuna, Melo foi escalado para reestruturar o diret\u00f3rio baiano do Podemos com o intuito de fortalecer a legenda no estado. Com foco nesse objetivo, hoje a sigla organizou um ato de filia\u00e7\u00e3o conjunta com v\u00e1rias lideran\u00e7as locais.<\/h3>\n<h3 style=\"text-align: justify\">&#8220;Estamos, hoje, come\u00e7ando a construir um novo momento na hist\u00f3ria do Podemos. Escrever uma nova p\u00e1gina nessa hist\u00f3ria de um partido que tem muito a contribuir com o presente e o futuro do Brasil&#8221;, ponderou o pr\u00e9-candidato ACM Neto.<\/h3>\n","protected":false},"excerpt":{"rendered":"<p>&#8220;N\u00f3s precisamos de pessoas como ACM Neto na pol\u00edtica do nosso pa\u00eds&#8221;, ressaltou presidente nacional da legenda, Renata Abreu Na noite desta quinta-feira (24), o Podemos oficializou o apoio do partido \u00e0 pr\u00e9-candidatura de ACM Neto ao Governo da Bahia. O evento foi realizado em Salvador, e contou com a presen\u00e7a da presidente nacional da [&hellip;]<\/p>\n","protected":false},"author":992,"featured_media":160826,"comment_status":"open","ping_status":"open","sticky":false,"template":"","format":"standard","meta":{"footnotes":"","_links_to":"","_links_to_target":""},"categories":[14,4],"tags":[],"class_list":["post-160825","post","type-post","status-publish","format-standard","has-post-thumbnail","hentry","category-bahia-geral","category-politica"],"views":593,"_links":{"self":[{"href":"https:\/\/www.politicosdosuldabahia.com.br\/v1\/wp-json\/wp\/v2\/posts\/160825"}],"collection":[{"href":"https:\/\/www.politicosdosuldabahia.com.br\/v1\/wp-json\/wp\/v2\/posts"}],"about":[{"href":"https:\/\/www.politicosdosuldabahia.com.br\/v1\/wp-json\/wp\/v2\/types\/post"}],"author":[{"embeddable":true,"href":"https:\/\/www.politicosdosuldabahia.com.br\/v1\/wp-json\/wp\/v2\/users\/992"}],"replies":[{"embeddable":true,"href":"https:\/\/www.politicosdosuldabahia.com.br\/v1\/wp-json\/wp\/v2\/comments?post=160825"}],"version-history":[{"count":2,"href":"https:\/\/www.politicosdosuldabahia.com.br\/v1\/wp-json\/wp\/v2\/posts\/160825\/revisions"}],"predecessor-version":[{"id":160828,"href":"https:\/\/www.politicosdosuldabahia.com.br\/v1\/wp-json\/wp\/v2\/posts\/160825\/revisions\/160828"}],"wp:featuredmedia":[{"embeddable":true,"href":"https:\/\/www.politicosdosuldabahia.com.br\/v1\/wp-json\/wp\/v2\/media\/160826"}],"wp:attachment":[{"href":"https:\/\/www.politicosdosuldabahia.com.br\/v1\/wp-json\/wp\/v2\/media?parent=160825"}],"wp:term":[{"taxonomy":"category","embeddable":true,"href":"https:\/\/www.politicosdosuldabahia.com.br\/v1\/wp-json\/wp\/v2\/categories?post=160825"},{"taxonomy":"post_tag","embeddable":true,"href":"https:\/\/www.politicosdosuldabahia.com.br\/v1\/wp-json\/wp\/v2\/tags?post=160825"}],"curies":[{"name":"wp","href":"https:\/\/api.w.org\/{rel}","templated":true}]}}