
{"id":160675,"date":"2022-03-22T14:48:15","date_gmt":"2022-03-22T17:48:15","guid":{"rendered":"http:\/\/www.politicosdosuldabahia.com.br\/v1\/?p=160675"},"modified":"2022-03-22T14:48:15","modified_gmt":"2022-03-22T17:48:15","slug":"gandu-rui-reune-9-prefeitos-do-pp-durante-agenda","status":"publish","type":"post","link":"https:\/\/www.politicosdosuldabahia.com.br\/v1\/2022\/03\/22\/gandu-rui-reune-9-prefeitos-do-pp-durante-agenda\/","title":{"rendered":"GANDU: RUI RE\u00daNE 9 PREFEITOS DO PP DURANTE AGENDA"},"content":{"rendered":"<h3 style=\"text-align: justify\"><img loading=\"lazy\" decoding=\"async\" class=\"size-full wp-image-160676 aligncenter\" src=\"http:\/\/www.politicosdosuldabahia.com.br\/v1\/wp-content\/uploads\/2022\/03\/WhatsApp-Image-2022-03-22-at-13.56.11.jpeg\" alt=\"WhatsApp Image 2022-03-22 at 13.56.11\" width=\"455\" height=\"341\" srcset=\"https:\/\/www.politicosdosuldabahia.com.br\/v1\/wp-content\/uploads\/2022\/03\/WhatsApp-Image-2022-03-22-at-13.56.11.jpeg 455w, https:\/\/www.politicosdosuldabahia.com.br\/v1\/wp-content\/uploads\/2022\/03\/WhatsApp-Image-2022-03-22-at-13.56.11-300x225.jpeg 300w, https:\/\/www.politicosdosuldabahia.com.br\/v1\/wp-content\/uploads\/2022\/03\/WhatsApp-Image-2022-03-22-at-13.56.11-400x300.jpeg 400w\" sizes=\"(max-width: 455px) 100vw, 455px\" \/><\/h3>\n<h3 style=\"text-align: justify\">O governador Rui Costa (PT) voltou a reunir um grande n\u00famero de prefeitos do PP, desta vez durante agenda na cidade de Gandu, nesta ter\u00e7a-feira (22).<\/h3>\n<h3 style=\"text-align: justify\">No ato na cidade de Gandu, participaram 9 prefeitos do PP, incluindo o gestor do munic\u00edpio, L\u00e9o de Neco, que anunciou apoio a Rui Costa e a Jer\u00f4nimo Rodrigues. Outros 8 prefeitos marcaram presen\u00e7a no palanque do governador.<\/h3>\n<h3 style=\"text-align: justify\">Participaram do ato a prefeita Kitty, de Tapero\u00e1; Naeilton, de Itap\u00e9; Tom, de Itamari; Ulysses, de Pira\u00ed do Norte; Rosa, de Teolandia; Jadson, de Coaraci; Jairo, de Valen\u00e7a; e Irm\u00e3o Enoc, de Camamu.<\/h3>\n<h3 style=\"text-align: justify\">Patrick, de Jita\u00fana, se desfiliou do PP no \u00faltimo domingo (20), quando anunciou ao lado de Rui Costa a ida para o Avante.<\/h3>\n<h3 style=\"text-align: justify\">Al\u00e9m disso, participaram 12 vice-prefeitos.<\/h3>\n<h3 style=\"text-align: justify\">Os deputados Fab\u00edola Mansur (PSB), Euclides Fernandes (PDT) e F\u00e1tima Nunes (PT) tamb\u00e9m foram ao evento. Na cidade, Rui anunciou, entre outros investimentos, a constru\u00e7\u00e3o de uma nova escola estadual com 36 salas, biblioteca, audit\u00f3rio, laborat\u00f3rios, campo society com arquibancada, pista de atletismo e outros equipamentos.<\/h3>\n","protected":false},"excerpt":{"rendered":"<p>O governador Rui Costa (PT) voltou a reunir um grande n\u00famero de prefeitos do PP, desta vez durante agenda na cidade de Gandu, nesta ter\u00e7a-feira (22). No ato na cidade de Gandu, participaram 9 prefeitos do PP, incluindo o gestor do munic\u00edpio, L\u00e9o de Neco, que anunciou apoio a Rui Costa e a Jer\u00f4nimo Rodrigues. [&hellip;]<\/p>\n","protected":false},"author":992,"featured_media":160676,"comment_status":"open","ping_status":"open","sticky":false,"template":"","format":"standard","meta":{"footnotes":"","_links_to":"","_links_to_target":""},"categories":[14,3,4],"tags":[],"class_list":["post-160675","post","type-post","status-publish","format-standard","has-post-thumbnail","hentry","category-bahia-geral","category-cidades","category-politica"],"views":721,"_links":{"self":[{"href":"https:\/\/www.politicosdosuldabahia.com.br\/v1\/wp-json\/wp\/v2\/posts\/160675"}],"collection":[{"href":"https:\/\/www.politicosdosuldabahia.com.br\/v1\/wp-json\/wp\/v2\/posts"}],"about":[{"href":"https:\/\/www.politicosdosuldabahia.com.br\/v1\/wp-json\/wp\/v2\/types\/post"}],"author":[{"embeddable":true,"href":"https:\/\/www.politicosdosuldabahia.com.br\/v1\/wp-json\/wp\/v2\/users\/992"}],"replies":[{"embeddable":true,"href":"https:\/\/www.politicosdosuldabahia.com.br\/v1\/wp-json\/wp\/v2\/comments?post=160675"}],"version-history":[{"count":1,"href":"https:\/\/www.politicosdosuldabahia.com.br\/v1\/wp-json\/wp\/v2\/posts\/160675\/revisions"}],"predecessor-version":[{"id":160677,"href":"https:\/\/www.politicosdosuldabahia.com.br\/v1\/wp-json\/wp\/v2\/posts\/160675\/revisions\/160677"}],"wp:featuredmedia":[{"embeddable":true,"href":"https:\/\/www.politicosdosuldabahia.com.br\/v1\/wp-json\/wp\/v2\/media\/160676"}],"wp:attachment":[{"href":"https:\/\/www.politicosdosuldabahia.com.br\/v1\/wp-json\/wp\/v2\/media?parent=160675"}],"wp:term":[{"taxonomy":"category","embeddable":true,"href":"https:\/\/www.politicosdosuldabahia.com.br\/v1\/wp-json\/wp\/v2\/categories?post=160675"},{"taxonomy":"post_tag","embeddable":true,"href":"https:\/\/www.politicosdosuldabahia.com.br\/v1\/wp-json\/wp\/v2\/tags?post=160675"}],"curies":[{"name":"wp","href":"https:\/\/api.w.org\/{rel}","templated":true}]}}