
{"id":160603,"date":"2022-03-18T19:39:43","date_gmt":"2022-03-18T22:39:43","guid":{"rendered":"http:\/\/www.politicosdosuldabahia.com.br\/v1\/?p=160603"},"modified":"2022-03-18T19:39:43","modified_gmt":"2022-03-18T22:39:43","slug":"ex-unidade-psiquiatrica-de-vitoria-da-conquista-foi-transformada-em-referencia-ortopedica-para-o-sudoeste-baiano","status":"publish","type":"post","link":"https:\/\/www.politicosdosuldabahia.com.br\/v1\/2022\/03\/18\/ex-unidade-psiquiatrica-de-vitoria-da-conquista-foi-transformada-em-referencia-ortopedica-para-o-sudoeste-baiano\/","title":{"rendered":"EX-UNIDADE PSIQUI\u00c1TRICA DE VIT\u00d3RIA DA CONQUISTA FOI TRANSFORMADA EM REFER\u00caNCIA ORTOP\u00c9DICA PARA O SUDOESTE BAIANO"},"content":{"rendered":"<h3 style=\"text-align: justify\"><img loading=\"lazy\" decoding=\"async\" class=\"wp-image-160604 aligncenter\" src=\"http:\/\/www.politicosdosuldabahia.com.br\/v1\/wp-content\/uploads\/2022\/03\/fabio-rui-1-1280x720.jpeg\" alt=\"fabio-rui-1-1280x720\" width=\"455\" height=\"256\" srcset=\"https:\/\/www.politicosdosuldabahia.com.br\/v1\/wp-content\/uploads\/2022\/03\/fabio-rui-1-1280x720.jpeg 1280w, https:\/\/www.politicosdosuldabahia.com.br\/v1\/wp-content\/uploads\/2022\/03\/fabio-rui-1-1280x720-300x169.jpeg 300w, https:\/\/www.politicosdosuldabahia.com.br\/v1\/wp-content\/uploads\/2022\/03\/fabio-rui-1-1280x720-768x432.jpeg 768w, https:\/\/www.politicosdosuldabahia.com.br\/v1\/wp-content\/uploads\/2022\/03\/fabio-rui-1-1280x720-1024x576.jpeg 1024w\" sizes=\"(max-width: 455px) 100vw, 455px\" \/><\/h3>\n<h3 style=\"text-align: justify\">F\u00e1bio Vilas-Boas esteve em Vit\u00f3ria da Conquista nesta sexta-feira (18), junto ao governador Rui Costa, para a inaugura\u00e7\u00e3o de duas unidades de sa\u00fade. Entre elas o Hospital Afr\u00e2nio Peixoto, totalmente reformulado e transformado numa refer\u00eancia em cirurgias ortop\u00e9dicas para a regi\u00e3o Sudoeste.<\/h3>\n<h3 style=\"text-align: justify\">Pr\u00e9-candidato a deputado federal, Vilas-Boas agradeceu a Rui Costa pelo reconhecimento. A dupla foi quem idealizou, projetou e iniciou as obras durante a gest\u00e3o do ex-secret\u00e1rio na sa\u00fade. \u201cQuero saudar o ex-secret\u00e1rio da sa\u00fade, F\u00e1bio Vilas-Boas, pelo seu trabalho. Foi ele quem come\u00e7ou a pensar, planejar e coordenar esses investimentos que n\u00f3s inauguramos. F\u00e1bio, te agrade\u00e7o por toda a ajuda\u201d, disse Rui Costa em discurso na inaugura\u00e7\u00e3o.<\/h3>\n<h3 style=\"text-align: justify\">\u201cA satisfa\u00e7\u00e3o \u00e9 enorme de ver que esse trabalho, que iniciamos l\u00e1 atr\u00e1s, segue rendendo frutos para a popula\u00e7\u00e3o. Regionalizar a sa\u00fade da Bahia foi um compromisso firmado por Rui Costa em 2015, quando assumiu o governo. E hoje vemos como a sa\u00fade do Sudoeste est\u00e1 cada vez mais resolutiva e independente de Salvador\u201d, disse Vilas-Boas.<\/h3>\n<h3 style=\"text-align: justify\">O ex-secret\u00e1rio lembrou dos desafios para a requalifica\u00e7\u00e3o do Afr\u00e2nio Peixoto: \u201cFoi uma obra de muita coragem de Rui Costa, pois se tratava de um hospital psiqui\u00e1trico que j\u00e1 n\u00e3o atendia \u00e0s demandas modernas desse tipo de tratamento. O governador agiu com firmeza, interditou o espa\u00e7o e o requalificou, trazendo uma nova especialidade para a regi\u00e3o\u201d.<\/h3>\n<h3 style=\"text-align: justify\">\u201cAgora, o Sudoeste baiano tem um centro com o melhor da tecnologia para realizar cirurgias ortop\u00e9dicas de alta complexidade, sobretudo de traumas. Isso desafogar\u00e1 a demanda do Hospital de Base e salvar\u00e1 muitas vidas, pois o atendimento de toda a regi\u00e3o ser\u00e1 realizado neste hospital\u201d, explicou o ex-secret\u00e1rio da sa\u00fade.<\/h3>\n<h3 style=\"text-align: justify\">S\u00e3o 80 leitos inaugurados no Afr\u00e2nio Peixoto, que inicialmente participar\u00e3o de um mutir\u00e3o de cirurgias eletivas. Al\u00e9m destes, foram inaugurados mais 48 leitos para o Hospital Geral de Vit\u00f3ria da Conquista (HGVC), outra obra iniciada na gest\u00e3o de Vilas-Boas. A amplia\u00e7\u00e3o ser\u00e1 destinada para cirurgias e procedimentos vasculares.<\/h3>\n","protected":false},"excerpt":{"rendered":"<p>F\u00e1bio Vilas-Boas esteve em Vit\u00f3ria da Conquista nesta sexta-feira (18), junto ao governador Rui Costa, para a inaugura\u00e7\u00e3o de duas unidades de sa\u00fade. Entre elas o Hospital Afr\u00e2nio Peixoto, totalmente reformulado e transformado numa refer\u00eancia em cirurgias ortop\u00e9dicas para a regi\u00e3o Sudoeste. Pr\u00e9-candidato a deputado federal, Vilas-Boas agradeceu a Rui Costa pelo reconhecimento. A dupla [&hellip;]<\/p>\n","protected":false},"author":992,"featured_media":160604,"comment_status":"open","ping_status":"open","sticky":false,"template":"","format":"standard","meta":{"footnotes":"","_links_to":"","_links_to_target":""},"categories":[14],"tags":[],"class_list":["post-160603","post","type-post","status-publish","format-standard","has-post-thumbnail","hentry","category-bahia-geral"],"views":625,"_links":{"self":[{"href":"https:\/\/www.politicosdosuldabahia.com.br\/v1\/wp-json\/wp\/v2\/posts\/160603"}],"collection":[{"href":"https:\/\/www.politicosdosuldabahia.com.br\/v1\/wp-json\/wp\/v2\/posts"}],"about":[{"href":"https:\/\/www.politicosdosuldabahia.com.br\/v1\/wp-json\/wp\/v2\/types\/post"}],"author":[{"embeddable":true,"href":"https:\/\/www.politicosdosuldabahia.com.br\/v1\/wp-json\/wp\/v2\/users\/992"}],"replies":[{"embeddable":true,"href":"https:\/\/www.politicosdosuldabahia.com.br\/v1\/wp-json\/wp\/v2\/comments?post=160603"}],"version-history":[{"count":1,"href":"https:\/\/www.politicosdosuldabahia.com.br\/v1\/wp-json\/wp\/v2\/posts\/160603\/revisions"}],"predecessor-version":[{"id":160605,"href":"https:\/\/www.politicosdosuldabahia.com.br\/v1\/wp-json\/wp\/v2\/posts\/160603\/revisions\/160605"}],"wp:featuredmedia":[{"embeddable":true,"href":"https:\/\/www.politicosdosuldabahia.com.br\/v1\/wp-json\/wp\/v2\/media\/160604"}],"wp:attachment":[{"href":"https:\/\/www.politicosdosuldabahia.com.br\/v1\/wp-json\/wp\/v2\/media?parent=160603"}],"wp:term":[{"taxonomy":"category","embeddable":true,"href":"https:\/\/www.politicosdosuldabahia.com.br\/v1\/wp-json\/wp\/v2\/categories?post=160603"},{"taxonomy":"post_tag","embeddable":true,"href":"https:\/\/www.politicosdosuldabahia.com.br\/v1\/wp-json\/wp\/v2\/tags?post=160603"}],"curies":[{"name":"wp","href":"https:\/\/api.w.org\/{rel}","templated":true}]}}