
{"id":160596,"date":"2022-03-18T15:54:25","date_gmt":"2022-03-18T18:54:25","guid":{"rendered":"http:\/\/www.politicosdosuldabahia.com.br\/v1\/?p=160596"},"modified":"2022-03-18T15:54:25","modified_gmt":"2022-03-18T18:54:25","slug":"quase-dez-prefeitos-do-pp-vao-ato-com-rui-costa-e-jeronimo-em-vitoria-da-conquista","status":"publish","type":"post","link":"https:\/\/www.politicosdosuldabahia.com.br\/v1\/2022\/03\/18\/quase-dez-prefeitos-do-pp-vao-ato-com-rui-costa-e-jeronimo-em-vitoria-da-conquista\/","title":{"rendered":"QUASE DEZ PREFEITOS DO PP V\u00c3O ATO COM RUI COSTA E JER\u00d4NIMO EM VIT\u00d3RIA DA CONQUISTA"},"content":{"rendered":"<h3 style=\"text-align: justify\"><img loading=\"lazy\" decoding=\"async\" class=\"wp-image-160597 aligncenter\" src=\"http:\/\/www.politicosdosuldabahia.com.br\/v1\/wp-content\/uploads\/2022\/03\/WhatsApp-Image-2022-03-18-at-13.13.36.jpeg\" alt=\"WhatsApp Image 2022-03-18 at 13.13.36\" width=\"455\" height=\"287\" srcset=\"https:\/\/www.politicosdosuldabahia.com.br\/v1\/wp-content\/uploads\/2022\/03\/WhatsApp-Image-2022-03-18-at-13.13.36.jpeg 962w, https:\/\/www.politicosdosuldabahia.com.br\/v1\/wp-content\/uploads\/2022\/03\/WhatsApp-Image-2022-03-18-at-13.13.36-300x189.jpeg 300w, https:\/\/www.politicosdosuldabahia.com.br\/v1\/wp-content\/uploads\/2022\/03\/WhatsApp-Image-2022-03-18-at-13.13.36-768x485.jpeg 768w\" sizes=\"(max-width: 455px) 100vw, 455px\" \/><\/h3>\n<h3 style=\"text-align: justify\">O governador Rui Costa (PT) reuniu 38 prefeitos em sua ida a Vit\u00f3ria da Conquista nesta sexta-feira (18). Dentre eles, oito s\u00e3o do PP, partido do vice-governador Jo\u00e3o Le\u00e3o que rompeu com o governo no in\u00edcio da semana.<\/h3>\n<h3 style=\"text-align: justify\">Participaram do ato com Rui nesta sexta os prefeitos Oberdan Rocha, de Barra do Cho\u00e7a; Dr. Ricardo, de Tanque Novo; Jornandinho, de Bom Jesus da Serra; Dra. Aline, de Maetinga; Rebinha, de Ribeir\u00e3o do Largo; Paulo Rios, de Toror\u00f3; Dr. Marival, de Nova Cana\u00e3; e Jo\u00e3o Francisco, de Tanha\u00e7u.<\/h3>\n<h3 style=\"text-align: justify\">Participaram da agenda do governador tamb\u00e9m o pr\u00e9-candidato a governador do PT, Jer\u00f4nimo Rodrigues, e o senador Otto Alencar (PSD), al\u00e9m dos deputados federais L\u00eddice da Mata (PSB), Daniel Almeida (PCdoB), Jorge Solla (PT), Paulo Magalh\u00e3es (PSD) e Waldenor Pereira (PT).<\/h3>\n<h3 style=\"text-align: justify\">Em Vit\u00f3ria da Conquista, Rui anunciou a abertura de 128 novos leitos de sa\u00fade para a popula\u00e7\u00e3o. O Governo do Estado investiu 29,5 milh\u00f5es no Novo Hospital Afr\u00e2nio Peixoto e em mais 48 leitos e uma Sala de Politrauma no Hospital Geral de Vit\u00f3ria da Conquista (HGVC). Em visita ao munic\u00edpio, o governador Rui Costa tamb\u00e9m entregou a reforma e a amplia\u00e7\u00e3o das duas unidades, que comp\u00f5em a rede de assist\u00eancia da Secretaria da Sa\u00fade do Estado (Sesab).<\/h3>\n","protected":false},"excerpt":{"rendered":"<p>O governador Rui Costa (PT) reuniu 38 prefeitos em sua ida a Vit\u00f3ria da Conquista nesta sexta-feira (18). Dentre eles, oito s\u00e3o do PP, partido do vice-governador Jo\u00e3o Le\u00e3o que rompeu com o governo no in\u00edcio da semana. Participaram do ato com Rui nesta sexta os prefeitos Oberdan Rocha, de Barra do Cho\u00e7a; Dr. Ricardo, [&hellip;]<\/p>\n","protected":false},"author":992,"featured_media":160597,"comment_status":"open","ping_status":"open","sticky":false,"template":"","format":"standard","meta":{"footnotes":"","_links_to":"","_links_to_target":""},"categories":[14],"tags":[],"class_list":["post-160596","post","type-post","status-publish","format-standard","has-post-thumbnail","hentry","category-bahia-geral"],"views":587,"_links":{"self":[{"href":"https:\/\/www.politicosdosuldabahia.com.br\/v1\/wp-json\/wp\/v2\/posts\/160596"}],"collection":[{"href":"https:\/\/www.politicosdosuldabahia.com.br\/v1\/wp-json\/wp\/v2\/posts"}],"about":[{"href":"https:\/\/www.politicosdosuldabahia.com.br\/v1\/wp-json\/wp\/v2\/types\/post"}],"author":[{"embeddable":true,"href":"https:\/\/www.politicosdosuldabahia.com.br\/v1\/wp-json\/wp\/v2\/users\/992"}],"replies":[{"embeddable":true,"href":"https:\/\/www.politicosdosuldabahia.com.br\/v1\/wp-json\/wp\/v2\/comments?post=160596"}],"version-history":[{"count":1,"href":"https:\/\/www.politicosdosuldabahia.com.br\/v1\/wp-json\/wp\/v2\/posts\/160596\/revisions"}],"predecessor-version":[{"id":160598,"href":"https:\/\/www.politicosdosuldabahia.com.br\/v1\/wp-json\/wp\/v2\/posts\/160596\/revisions\/160598"}],"wp:featuredmedia":[{"embeddable":true,"href":"https:\/\/www.politicosdosuldabahia.com.br\/v1\/wp-json\/wp\/v2\/media\/160597"}],"wp:attachment":[{"href":"https:\/\/www.politicosdosuldabahia.com.br\/v1\/wp-json\/wp\/v2\/media?parent=160596"}],"wp:term":[{"taxonomy":"category","embeddable":true,"href":"https:\/\/www.politicosdosuldabahia.com.br\/v1\/wp-json\/wp\/v2\/categories?post=160596"},{"taxonomy":"post_tag","embeddable":true,"href":"https:\/\/www.politicosdosuldabahia.com.br\/v1\/wp-json\/wp\/v2\/tags?post=160596"}],"curies":[{"name":"wp","href":"https:\/\/api.w.org\/{rel}","templated":true}]}}