
{"id":160589,"date":"2022-03-18T10:57:32","date_gmt":"2022-03-18T13:57:32","guid":{"rendered":"http:\/\/www.politicosdosuldabahia.com.br\/v1\/?p=160589"},"modified":"2022-03-18T10:57:32","modified_gmt":"2022-03-18T13:57:32","slug":"e-a-nossa-turma-de-lula-e-do-outro-lado-a-turma-de-moro-e-bolsonaro-afirma-lider-do-governo-no-legislativo-baiano-sobre-saida-do-pp-da-base-de-rui-costa","status":"publish","type":"post","link":"https:\/\/www.politicosdosuldabahia.com.br\/v1\/2022\/03\/18\/e-a-nossa-turma-de-lula-e-do-outro-lado-a-turma-de-moro-e-bolsonaro-afirma-lider-do-governo-no-legislativo-baiano-sobre-saida-do-pp-da-base-de-rui-costa\/","title":{"rendered":"&#8220;\u00c9 A NOSSA TURMA DE LULA E DO OUTRO LADO A TURMA DE MORO E BOLSONARO&#8221;, AFIRMA L\u00cdDER DO GOVERNO NO LEGISLATIVO BAIANO SOBRE SA\u00cdDA DO PP DA BASE DE RUI COSTA"},"content":{"rendered":"<p>&nbsp;<\/p>\n<h3 style=\"text-align: justify\"><img loading=\"lazy\" decoding=\"async\" class=\"wp-image-160590 aligncenter\" src=\"http:\/\/www.politicosdosuldabahia.com.br\/v1\/wp-content\/uploads\/2022\/03\/WhatsApp-Image-2022-03-18-at-10.52.52.jpeg\" alt=\"WhatsApp Image 2022-03-18 at 10.52.52\" width=\"455\" height=\"303\" srcset=\"https:\/\/www.politicosdosuldabahia.com.br\/v1\/wp-content\/uploads\/2022\/03\/WhatsApp-Image-2022-03-18-at-10.52.52.jpeg 1280w, https:\/\/www.politicosdosuldabahia.com.br\/v1\/wp-content\/uploads\/2022\/03\/WhatsApp-Image-2022-03-18-at-10.52.52-300x200.jpeg 300w, https:\/\/www.politicosdosuldabahia.com.br\/v1\/wp-content\/uploads\/2022\/03\/WhatsApp-Image-2022-03-18-at-10.52.52-768x512.jpeg 768w, https:\/\/www.politicosdosuldabahia.com.br\/v1\/wp-content\/uploads\/2022\/03\/WhatsApp-Image-2022-03-18-at-10.52.52-1024x682.jpeg 1024w\" sizes=\"(max-width: 455px) 100vw, 455px\" \/><\/h3>\n<h3 style=\"text-align: justify\">O deputado estadual Rosemberg Pinto (PT), l\u00edder do governo na Assembleia Legislativa da Bahia (Alba), afirmou, nesta quinta-feira (17), que a sa\u00edda do PP da base governista foi verticalizada em rela\u00e7\u00e3o prefeitos pepistas e justifica que a maioria dos gestores do partido seguir\u00e3o com o governador Rui Costa e o pr\u00e9-candidato ao Pal\u00e1cio de Ondina, Jer\u00f4nimo Rodrigues, por afinidade ao projeto com Lula e pela aten\u00e7\u00e3o que recebem da gest\u00e3o estadual.<\/h3>\n<h3 style=\"text-align: justify\">&#8220;O PP tomou uma decis\u00e3o, na minha opini\u00e3o, de c\u00fapula e verticalizada, sem combinar com os prefeitos e prefeitas. \u00c9 por isso que a maioria dos prefeitos est\u00e3o anunciando a manuten\u00e7\u00e3o na base do governo e apoio ao pr\u00e9-candidato Jer\u00f4nimo Rodrigues, s\u00e3o escolhas que na minha opini\u00e3o n\u00e3o envolveram a base do PP, mas n\u00e3o sou eu quem tem que fazer esta avalia\u00e7\u00e3o, porque eu sou do PT, n\u00e3o sou do PP&#8221;, afirmou.<\/h3>\n<h3 style=\"text-align: justify\">Para o parlamentar, Rui Costa inovou com o fortalecimento dos cons\u00f3rcios municipais e, deste modo, dividiu tarefas e fortaleceu municipios e seus gestores em \u00e1reas como sa\u00fade e infraestrutura. &#8220;Os prefeitos mant\u00e9m apoio ao governador Rui Costa pelo cuidado que ele sempre teve com os gestores, tem respeitado, recebido e montou, inclusive, diversos cons\u00f3rcios municipais para dividir o poder e fazer com que as a\u00e7\u00f5es chegassem com mais facilidade \u00e0s cidades, em \u00e1reas como sa\u00fade e infraestrutura, que resultou nesta aproxima\u00e7\u00e3o e fidelidade&#8221;, argumenta.<\/h3>\n<h3 style=\"text-align: justify\"><strong>Lula x Bolsonaro e Moro<\/strong><\/h3>\n<h3 style=\"text-align: justify\">O l\u00edder define como &#8220;p\u00e1gina virada&#8221; a sa\u00edda do PP e aponta que, &#8220;de um lado vai estar o PT, PSD, PCdoB, PSB, Avante, PV e outros partidos que ainda ir\u00e3o se alinhar com Jer\u00f4nimo e Lula, do outro o Uni\u00e3o Brasil, o PP e o PSDB afinados com Neto, Bolsonaro e S\u00e9rgio Moro&#8221;.<\/h3>\n<h3 style=\"text-align: justify\">&#8220;Na Assembleia o l\u00edder do PP, Eduardo Sales, me informou que est\u00e1 integrando a bancada de oposi\u00e7\u00e3o ao governador Rui Costa, ent\u00e3o s\u00e3o as escolhas que foram feitas, e vamos tratar com carinho os deputados e o vice-governador Jo\u00e3o Le\u00e3o, mas entendendo que estamos marchando em lados diferentes. \u00c9 a nossa turma de Lula e do outro lado a turma de Moro e Bolsonaro&#8221;, concluiu.<\/h3>\n","protected":false},"excerpt":{"rendered":"<p>&nbsp; O deputado estadual Rosemberg Pinto (PT), l\u00edder do governo na Assembleia Legislativa da Bahia (Alba), afirmou, nesta quinta-feira (17), que a sa\u00edda do PP da base governista foi verticalizada em rela\u00e7\u00e3o prefeitos pepistas e justifica que a maioria dos gestores do partido seguir\u00e3o com o governador Rui Costa e o pr\u00e9-candidato ao Pal\u00e1cio de [&hellip;]<\/p>\n","protected":false},"author":992,"featured_media":160590,"comment_status":"open","ping_status":"open","sticky":false,"template":"","format":"standard","meta":{"footnotes":"","_links_to":"","_links_to_target":""},"categories":[14],"tags":[],"class_list":["post-160589","post","type-post","status-publish","format-standard","has-post-thumbnail","hentry","category-bahia-geral"],"views":551,"_links":{"self":[{"href":"https:\/\/www.politicosdosuldabahia.com.br\/v1\/wp-json\/wp\/v2\/posts\/160589"}],"collection":[{"href":"https:\/\/www.politicosdosuldabahia.com.br\/v1\/wp-json\/wp\/v2\/posts"}],"about":[{"href":"https:\/\/www.politicosdosuldabahia.com.br\/v1\/wp-json\/wp\/v2\/types\/post"}],"author":[{"embeddable":true,"href":"https:\/\/www.politicosdosuldabahia.com.br\/v1\/wp-json\/wp\/v2\/users\/992"}],"replies":[{"embeddable":true,"href":"https:\/\/www.politicosdosuldabahia.com.br\/v1\/wp-json\/wp\/v2\/comments?post=160589"}],"version-history":[{"count":1,"href":"https:\/\/www.politicosdosuldabahia.com.br\/v1\/wp-json\/wp\/v2\/posts\/160589\/revisions"}],"predecessor-version":[{"id":160591,"href":"https:\/\/www.politicosdosuldabahia.com.br\/v1\/wp-json\/wp\/v2\/posts\/160589\/revisions\/160591"}],"wp:featuredmedia":[{"embeddable":true,"href":"https:\/\/www.politicosdosuldabahia.com.br\/v1\/wp-json\/wp\/v2\/media\/160590"}],"wp:attachment":[{"href":"https:\/\/www.politicosdosuldabahia.com.br\/v1\/wp-json\/wp\/v2\/media?parent=160589"}],"wp:term":[{"taxonomy":"category","embeddable":true,"href":"https:\/\/www.politicosdosuldabahia.com.br\/v1\/wp-json\/wp\/v2\/categories?post=160589"},{"taxonomy":"post_tag","embeddable":true,"href":"https:\/\/www.politicosdosuldabahia.com.br\/v1\/wp-json\/wp\/v2\/tags?post=160589"}],"curies":[{"name":"wp","href":"https:\/\/api.w.org\/{rel}","templated":true}]}}