
{"id":160474,"date":"2022-03-15T18:08:10","date_gmt":"2022-03-15T21:08:10","guid":{"rendered":"http:\/\/www.politicosdosuldabahia.com.br\/v1\/?p=160474"},"modified":"2022-03-15T18:08:10","modified_gmt":"2022-03-15T21:08:10","slug":"sandro-regis-e-eleito-vice-presidente-do-uniao-brasil-na-bahia-missao-honrosa","status":"publish","type":"post","link":"https:\/\/www.politicosdosuldabahia.com.br\/v1\/2022\/03\/15\/sandro-regis-e-eleito-vice-presidente-do-uniao-brasil-na-bahia-missao-honrosa\/","title":{"rendered":"SANDRO R\u00c9GIS \u00c9 ELEITO VICE-PRESIDENTE DO UNI\u00c3O BRASIL NA BAHIA: &#8220;MISS\u00c3O HONROSA&#8221;"},"content":{"rendered":"<h3 style=\"text-align: justify\"><img loading=\"lazy\" decoding=\"async\" class=\"size-full wp-image-140031 aligncenter\" src=\"http:\/\/www.politicosdosuldabahia.com.br\/v1\/wp-content\/uploads\/2020\/09\/Sandro-Regis-696x505-e1600966720974.jpg\" alt=\"Sandro-Regis-696x505\" width=\"496\" height=\"360\" \/><\/h3>\n<h3 style=\"text-align: justify\">O deputado estadual Sandro R\u00e9gis foi eleito nesta ter\u00e7a-feira (15) vice-presidente do Uni\u00e3o Brasil na Bahia. A defini\u00e7\u00e3o ocorreu durante reuni\u00e3o do diret\u00f3rio nacional do partido, que nasceu da fus\u00e3o entre Democratas e PSL. Para R\u00e9gis, ser\u00e1 uma &#8220;miss\u00e3o honrosa&#8221; assumir a vice-presid\u00eancia da legenda no estado.<\/h3>\n<h3 style=\"text-align: justify\">&#8220;Para mim, \u00e9 uma miss\u00e3o honrosa ocupar esta fun\u00e7\u00e3o de vice-presidente do Uni\u00e3o Brasil na nosso estado. Nosso partido ter\u00e1 a miss\u00e3o de liderar o movimento de transforma\u00e7\u00e3o que a Bahia quer e precisa. Com muita responsabilidade, eu vou cada vez mais dar minha contribui\u00e7\u00e3o ao partido e ao nosso grupo para que possamos eleger ACM Neto governador e apresentar um novo projeto para o nosso estado&#8221;, declarou R\u00e9gis.<\/h3>\n<h3 style=\"text-align: justify\">O deputado estadual j\u00e1 integrava o diret\u00f3rio estadual do Democratas antes da fus\u00e3o como primeiro secret\u00e1rio. A reuni\u00e3o desta ter\u00e7a elegeu o deputado federal Paulo Azi como presidente estadual do partido. Al\u00e9m de R\u00e9gis, tamb\u00e9m foram eleitos vice-presidentes os deputados federais Arthur Maia e Leur Lomanto Jr.<\/h3>\n<h3 style=\"text-align: justify\">Para R\u00e9gis, o Uni\u00e3o Brasil nasceu como o maior partido do pa\u00eds e tende a sair ainda mais forte das elei\u00e7\u00f5es de 2022. &#8220;Na Bahia, teremos a miss\u00e3o de fortalecer ainda mais nosso partido, de forma que possamos construir bancadas robustas para ajudar Neto na empreitada de governar a Bahia&#8221;, ressaltou.<\/h3>\n","protected":false},"excerpt":{"rendered":"<p>O deputado estadual Sandro R\u00e9gis foi eleito nesta ter\u00e7a-feira (15) vice-presidente do Uni\u00e3o Brasil na Bahia. A defini\u00e7\u00e3o ocorreu durante reuni\u00e3o do diret\u00f3rio nacional do partido, que nasceu da fus\u00e3o entre Democratas e PSL. Para R\u00e9gis, ser\u00e1 uma &#8220;miss\u00e3o honrosa&#8221; assumir a vice-presid\u00eancia da legenda no estado. &#8220;Para mim, \u00e9 uma miss\u00e3o honrosa ocupar esta [&hellip;]<\/p>\n","protected":false},"author":992,"featured_media":144860,"comment_status":"open","ping_status":"open","sticky":false,"template":"","format":"standard","meta":{"footnotes":"","_links_to":"","_links_to_target":""},"categories":[14],"tags":[],"class_list":["post-160474","post","type-post","status-publish","format-standard","has-post-thumbnail","hentry","category-bahia-geral"],"views":672,"_links":{"self":[{"href":"https:\/\/www.politicosdosuldabahia.com.br\/v1\/wp-json\/wp\/v2\/posts\/160474"}],"collection":[{"href":"https:\/\/www.politicosdosuldabahia.com.br\/v1\/wp-json\/wp\/v2\/posts"}],"about":[{"href":"https:\/\/www.politicosdosuldabahia.com.br\/v1\/wp-json\/wp\/v2\/types\/post"}],"author":[{"embeddable":true,"href":"https:\/\/www.politicosdosuldabahia.com.br\/v1\/wp-json\/wp\/v2\/users\/992"}],"replies":[{"embeddable":true,"href":"https:\/\/www.politicosdosuldabahia.com.br\/v1\/wp-json\/wp\/v2\/comments?post=160474"}],"version-history":[{"count":1,"href":"https:\/\/www.politicosdosuldabahia.com.br\/v1\/wp-json\/wp\/v2\/posts\/160474\/revisions"}],"predecessor-version":[{"id":160475,"href":"https:\/\/www.politicosdosuldabahia.com.br\/v1\/wp-json\/wp\/v2\/posts\/160474\/revisions\/160475"}],"wp:featuredmedia":[{"embeddable":true,"href":"https:\/\/www.politicosdosuldabahia.com.br\/v1\/wp-json\/wp\/v2\/media\/144860"}],"wp:attachment":[{"href":"https:\/\/www.politicosdosuldabahia.com.br\/v1\/wp-json\/wp\/v2\/media?parent=160474"}],"wp:term":[{"taxonomy":"category","embeddable":true,"href":"https:\/\/www.politicosdosuldabahia.com.br\/v1\/wp-json\/wp\/v2\/categories?post=160474"},{"taxonomy":"post_tag","embeddable":true,"href":"https:\/\/www.politicosdosuldabahia.com.br\/v1\/wp-json\/wp\/v2\/tags?post=160474"}],"curies":[{"name":"wp","href":"https:\/\/api.w.org\/{rel}","templated":true}]}}