
{"id":160443,"date":"2022-03-15T14:16:52","date_gmt":"2022-03-15T17:16:52","guid":{"rendered":"http:\/\/www.politicosdosuldabahia.com.br\/v1\/?p=160443"},"modified":"2022-03-15T14:16:52","modified_gmt":"2022-03-15T17:16:52","slug":"indepependente-da-chapa-quero-apoiar-lula-presidente-rebate-leao","status":"publish","type":"post","link":"https:\/\/www.politicosdosuldabahia.com.br\/v1\/2022\/03\/15\/indepependente-da-chapa-quero-apoiar-lula-presidente-rebate-leao\/","title":{"rendered":"&#8220;INDEPEPENDENTE DA CHAPA, QUERO APOIAR LULA PRESIDENTE&#8221;, REBATE LE\u00c3O"},"content":{"rendered":"<p><img loading=\"lazy\" decoding=\"async\" class=\"aligncenter wp-image-160444\" src=\"http:\/\/www.politicosdosuldabahia.com.br\/v1\/wp-content\/uploads\/2022\/03\/WhatsApp-Image-2022-03-15-at-12.55.51.jpeg\" alt=\"WhatsApp Image 2022-03-15 at 12.55.51\" width=\"455\" height=\"343\" srcset=\"https:\/\/www.politicosdosuldabahia.com.br\/v1\/wp-content\/uploads\/2022\/03\/WhatsApp-Image-2022-03-15-at-12.55.51.jpeg 578w, https:\/\/www.politicosdosuldabahia.com.br\/v1\/wp-content\/uploads\/2022\/03\/WhatsApp-Image-2022-03-15-at-12.55.51-300x226.jpeg 300w\" sizes=\"(max-width: 455px) 100vw, 455px\" \/><\/p>\n<h3 style=\"text-align: justify\">&#8220;Acho que o presidente do PT na Bahia tem bola de cristal. Minha intens\u00e3o \u00e9 apoiar Lula. S\u00f3 se ele n\u00e3o quiser o meu apoio. Vou at\u00e9 marcar uma viagem para conversar pessoalmente com Lula, olho no olho, para dizer que ele tem meu apoio&#8221;. A declara\u00e7\u00e3o \u00e9 do vice-governador Jo\u00e3o Le\u00e3o, na manh\u00e3 desta ter\u00e7a-feira (15).<\/h3>\n<h3 style=\"text-align: justify\">Le\u00e3o disse inclusive que avisou at\u00e9 a ACM Neto que, se fecharem alian\u00e7a para a majorit\u00e1ria, o candidato a presidente dele \u00e9 o ex-presidente Lula.<\/h3>\n<h3 style=\"text-align: justify\">&#8220;Lula me conhece, conhece minha hist\u00f3ria, e ele quer voto. Meus votos s\u00e3o dele. E estou \u00e0 disposi\u00e7\u00e3o para ajud\u00e1-lo a ter uma vota\u00e7\u00e3o estrondosa na Bahia. Meu amigo \u00c9den Valadares est\u00e1 escorregando&#8221;, afirmou.<\/h3>\n","protected":false},"excerpt":{"rendered":"<p>&#8220;Acho que o presidente do PT na Bahia tem bola de cristal. Minha intens\u00e3o \u00e9 apoiar Lula. S\u00f3 se ele n\u00e3o quiser o meu apoio. Vou at\u00e9 marcar uma viagem para conversar pessoalmente com Lula, olho no olho, para dizer que ele tem meu apoio&#8221;. A declara\u00e7\u00e3o \u00e9 do vice-governador Jo\u00e3o Le\u00e3o, na manh\u00e3 desta [&hellip;]<\/p>\n","protected":false},"author":992,"featured_media":160444,"comment_status":"open","ping_status":"open","sticky":false,"template":"","format":"standard","meta":{"footnotes":"","_links_to":"","_links_to_target":""},"categories":[14],"tags":[],"class_list":["post-160443","post","type-post","status-publish","format-standard","has-post-thumbnail","hentry","category-bahia-geral"],"views":624,"_links":{"self":[{"href":"https:\/\/www.politicosdosuldabahia.com.br\/v1\/wp-json\/wp\/v2\/posts\/160443"}],"collection":[{"href":"https:\/\/www.politicosdosuldabahia.com.br\/v1\/wp-json\/wp\/v2\/posts"}],"about":[{"href":"https:\/\/www.politicosdosuldabahia.com.br\/v1\/wp-json\/wp\/v2\/types\/post"}],"author":[{"embeddable":true,"href":"https:\/\/www.politicosdosuldabahia.com.br\/v1\/wp-json\/wp\/v2\/users\/992"}],"replies":[{"embeddable":true,"href":"https:\/\/www.politicosdosuldabahia.com.br\/v1\/wp-json\/wp\/v2\/comments?post=160443"}],"version-history":[{"count":1,"href":"https:\/\/www.politicosdosuldabahia.com.br\/v1\/wp-json\/wp\/v2\/posts\/160443\/revisions"}],"predecessor-version":[{"id":160445,"href":"https:\/\/www.politicosdosuldabahia.com.br\/v1\/wp-json\/wp\/v2\/posts\/160443\/revisions\/160445"}],"wp:featuredmedia":[{"embeddable":true,"href":"https:\/\/www.politicosdosuldabahia.com.br\/v1\/wp-json\/wp\/v2\/media\/160444"}],"wp:attachment":[{"href":"https:\/\/www.politicosdosuldabahia.com.br\/v1\/wp-json\/wp\/v2\/media?parent=160443"}],"wp:term":[{"taxonomy":"category","embeddable":true,"href":"https:\/\/www.politicosdosuldabahia.com.br\/v1\/wp-json\/wp\/v2\/categories?post=160443"},{"taxonomy":"post_tag","embeddable":true,"href":"https:\/\/www.politicosdosuldabahia.com.br\/v1\/wp-json\/wp\/v2\/tags?post=160443"}],"curies":[{"name":"wp","href":"https:\/\/api.w.org\/{rel}","templated":true}]}}