
{"id":160042,"date":"2022-03-04T13:46:27","date_gmt":"2022-03-04T16:46:27","guid":{"rendered":"http:\/\/www.politicosdosuldabahia.com.br\/v1\/?p=160042"},"modified":"2022-03-04T13:46:27","modified_gmt":"2022-03-04T16:46:27","slug":"bahia-setre-realiza-programacao-comemorativa-ao-mes-das-mulheres","status":"publish","type":"post","link":"https:\/\/www.politicosdosuldabahia.com.br\/v1\/2022\/03\/04\/bahia-setre-realiza-programacao-comemorativa-ao-mes-das-mulheres\/","title":{"rendered":"BAHIA: SETRE REALIZA PROGRAMA\u00c7\u00c3O COMEMORATIVA AO M\u00caS DAS MULHERES"},"content":{"rendered":"<h3 style=\"font-weight: 400;text-align: justify\">\u201cA import\u00e2ncia da inser\u00e7\u00e3o das mulheres no mercado de trabalho\u201d \u00e9 o tema da programa\u00e7\u00e3o que a Secretaria do Trabalho, Emprego, Renda e Esporte (Setre) promove, ao longo de mar\u00e7o, em comemora\u00e7\u00e3o ao m\u00eas das mulheres. O objetivo \u00e9 impulsionar a (re)inser\u00e7\u00e3o profissional de trabalhadoras, promover qualifica\u00e7\u00e3o profissional com recorte de g\u00eanero e oferecer atendimento exclusivo para o p\u00fablico feminino. As atividades, que acontecem de forma presencial e on-line, contam com a parceria da Secretaria de Pol\u00edticas para as Mulheres (SPM) e da Uni\u00e3o Brasileira de Mulheres (UBM).<\/h3>\n<h3 style=\"font-weight: 400;text-align: justify\">A a\u00e7\u00e3o tem in\u00edcio na pr\u00f3xima ter\u00e7a-feira (8), a partir das 9h, com uma roda de conversa sobre o tema geral do evento, que acontece na unidade central do SineBahia, no Terminal de Integra\u00e7\u00e3o de Pitua\u00e7u. No dia 9, quarta-feira, \u00e0s 9h, ocorre a oficina Autoestima da Mulher, no SineBahia Mulher do Com\u00e9rcio.<\/h3>\n<h3 style=\"font-weight: 400;text-align: justify\">As celebra\u00e7\u00f5es seguem com uma s\u00e9rie de atividades gratuitas de capacita\u00e7\u00e3o profissional, na modalidade \u00e0 dist\u00e2ncia, exclusivas para o p\u00fablico feminino. S\u00e3o cursos nas \u00e1reas de Ingl\u00eas, Telemarketing, Office, Atendimento ao P\u00fablico, Libras e T\u00e9cnicas de Vendas, al\u00e9m de palestras com os temas Motiva\u00e7\u00e3o no Universo Feminino; Empregabilidade de Mulheres; Feminismos Plurais; Orienta\u00e7\u00e3o Trabalhista; Maternidade e Mercado de Trabalho \u2013 Direitos Femininos; e Sa\u00fade Mental. As trabalhadoras podem realizar as inscri\u00e7\u00f5es at\u00e9 o pr\u00f3ximo dia 6, por meio do formul\u00e1rio eletr\u00f4nico dispon\u00edvel no link:\u00a0<a href=\"http:\/\/bit.ly\/sinebahiacursosonline\">bit.ly\/sinebahiacursosonline<\/a>.<\/h3>\n<h3 style=\"font-weight: 400;text-align: justify\">Nos dias 14 e 21, acontecem, respectivamente, as lives \u201cAss\u00e9dio no Mercado de Trabalho\u201d e \u201cO Contexto da Mulher Preta no Mercado &#8211; Processo de se Reinventar Profissionalmente\u201d, com transmiss\u00e3o pelo Instagram do SineBahia.<\/h3>\n<h3 style=\"font-weight: 400;text-align: justify\">J\u00e1 no dia 15, \u00e0s 9h, ser\u00e1 inaugurada a segunda unidade do SineBahia Mulher, que ficar\u00e1 localizada no bairro de Cajazeiras, em Salvador. A programa\u00e7\u00e3o inclui tamb\u00e9m a apresenta\u00e7\u00e3o do Projeto Profiss\u00e3o Mulher, na unidade central do SineBahia, no dia 22, \u00e0s 9h, e consultoria para elabora\u00e7\u00e3o de curr\u00edculos, nos dias 24 e 25, das 13h \u00e0s 16h, na unidade central do SineBahia.<\/h3>\n","protected":false},"excerpt":{"rendered":"<p>\u201cA import\u00e2ncia da inser\u00e7\u00e3o das mulheres no mercado de trabalho\u201d \u00e9 o tema da programa\u00e7\u00e3o que a Secretaria do Trabalho, Emprego, Renda e Esporte (Setre) promove, ao longo de mar\u00e7o, em comemora\u00e7\u00e3o ao m\u00eas das mulheres. O objetivo \u00e9 impulsionar a (re)inser\u00e7\u00e3o profissional de trabalhadoras, promover qualifica\u00e7\u00e3o profissional com recorte de g\u00eanero e oferecer atendimento [&hellip;]<\/p>\n","protected":false},"author":992,"featured_media":0,"comment_status":"open","ping_status":"open","sticky":false,"template":"","format":"standard","meta":{"footnotes":"","_links_to":"","_links_to_target":""},"categories":[14],"tags":[],"class_list":["post-160042","post","type-post","status-publish","format-standard","hentry","category-bahia-geral"],"views":618,"_links":{"self":[{"href":"https:\/\/www.politicosdosuldabahia.com.br\/v1\/wp-json\/wp\/v2\/posts\/160042"}],"collection":[{"href":"https:\/\/www.politicosdosuldabahia.com.br\/v1\/wp-json\/wp\/v2\/posts"}],"about":[{"href":"https:\/\/www.politicosdosuldabahia.com.br\/v1\/wp-json\/wp\/v2\/types\/post"}],"author":[{"embeddable":true,"href":"https:\/\/www.politicosdosuldabahia.com.br\/v1\/wp-json\/wp\/v2\/users\/992"}],"replies":[{"embeddable":true,"href":"https:\/\/www.politicosdosuldabahia.com.br\/v1\/wp-json\/wp\/v2\/comments?post=160042"}],"version-history":[{"count":1,"href":"https:\/\/www.politicosdosuldabahia.com.br\/v1\/wp-json\/wp\/v2\/posts\/160042\/revisions"}],"predecessor-version":[{"id":160043,"href":"https:\/\/www.politicosdosuldabahia.com.br\/v1\/wp-json\/wp\/v2\/posts\/160042\/revisions\/160043"}],"wp:attachment":[{"href":"https:\/\/www.politicosdosuldabahia.com.br\/v1\/wp-json\/wp\/v2\/media?parent=160042"}],"wp:term":[{"taxonomy":"category","embeddable":true,"href":"https:\/\/www.politicosdosuldabahia.com.br\/v1\/wp-json\/wp\/v2\/categories?post=160042"},{"taxonomy":"post_tag","embeddable":true,"href":"https:\/\/www.politicosdosuldabahia.com.br\/v1\/wp-json\/wp\/v2\/tags?post=160042"}],"curies":[{"name":"wp","href":"https:\/\/api.w.org\/{rel}","templated":true}]}}