
{"id":159683,"date":"2022-02-18T16:46:05","date_gmt":"2022-02-18T19:46:05","guid":{"rendered":"http:\/\/www.politicosdosuldabahia.com.br\/v1\/?p=159683"},"modified":"2022-02-18T16:46:05","modified_gmt":"2022-02-18T19:46:05","slug":"acm-neto-firma-compromisso-para-pavimentar-ba-351-entre-buritirama-mansidao-e-santa-rita-de-cassia","status":"publish","type":"post","link":"https:\/\/www.politicosdosuldabahia.com.br\/v1\/2022\/02\/18\/acm-neto-firma-compromisso-para-pavimentar-ba-351-entre-buritirama-mansidao-e-santa-rita-de-cassia\/","title":{"rendered":"ACM NETO FIRMA COMPROMISSO PARA PAVIMENTAR BA-351 ENTRE BURITIRAMA, MANSID\u00c3O E SANTA RITA DE C\u00c1SSIA"},"content":{"rendered":"<h4 style=\"text-align: center\"><img loading=\"lazy\" decoding=\"async\" class=\"alignnone size-full wp-image-159684\" src=\"http:\/\/www.politicosdosuldabahia.com.br\/v1\/wp-content\/uploads\/2022\/02\/WhatsApp-Image-2022-02-17-at-19.40.20.jpeg\" alt=\"WhatsApp Image 2022-02-17 at 19.40.20\" width=\"455\" height=\"303\" srcset=\"https:\/\/www.politicosdosuldabahia.com.br\/v1\/wp-content\/uploads\/2022\/02\/WhatsApp-Image-2022-02-17-at-19.40.20.jpeg 455w, https:\/\/www.politicosdosuldabahia.com.br\/v1\/wp-content\/uploads\/2022\/02\/WhatsApp-Image-2022-02-17-at-19.40.20-300x200.jpeg 300w\" sizes=\"(max-width: 455px) 100vw, 455px\" \/><\/h4>\n<h4 style=\"text-align: center\"><strong>Em agenda na regi\u00e3o, pr\u00e9-candidato a governador ressaltou que esta \u00e9 uma demanda antiga, que j\u00e1 gerou inclusive manifesta\u00e7\u00f5es<\/strong><\/h4>\n<h3>O pr\u00e9-candidato a governador ACM Neto (Uni\u00e3o Brasil) firmou nesta quinta-feira (17) o compromisso de, se eleito, realizar a pavimenta\u00e7\u00e3o da rodovia BA-351 entre os munic\u00edpios de Buritirama, Mansid\u00e3o e Santa Rita de C\u00e1ssia. Esta \u00e9 uma reivindica\u00e7\u00e3o antiga da popula\u00e7\u00e3o da regi\u00e3o e j\u00e1 motivou inclusive manifesta\u00e7\u00f5es para cobrar a realiza\u00e7\u00e3o da obra ao governo do estado.<\/h3>\n<h3 style=\"text-align: justify\">Neto realiza mais uma edi\u00e7\u00e3o do movimento Pela Bahia, passando desta vez pelos munic\u00edpios de Barra, Buritirama e Mansid\u00e3o, nesta quinta. Na sexta-feira (18), ele ir\u00e1 a Ipupiara, Oliveira dos Brejinhos e Boquira. Durante eventos em Buritirama e Mansid\u00e3o, Neto destacar a necessidade de pavimenta\u00e7\u00e3o da rodovia para a regi\u00e3o. Foi a primeira vez que ele visitou Mansid\u00e3o.<\/h3>\n<h3 style=\"text-align: justify\">&#8220;\u00c9 uma demanda antiga da regi\u00e3o. Fazer a liga\u00e7\u00e3o entre Buritirama, Mansid\u00e3o e Santa Rita n\u00e3o \u00e9 apenas uma integra\u00e7\u00e3o regional, \u00e9 abrir um espa\u00e7o para a integra\u00e7\u00e3o com toda a regi\u00e3o de Barreiras e Luis Eduardo Magalh\u00e3es, o que inclusive vai trazer resultados econ\u00f4micos importantes para essa regi\u00e3o&#8221;, disse Neto, durante evento em Buritirama.<\/h3>\n<h3 style=\"text-align: justify\">Al\u00e9m disso, a liga\u00e7\u00e3o tamb\u00e9m far\u00e1 a integra\u00e7\u00e3o com as rodovias federais da regi\u00e3o, que levam a Bras\u00edlia e estados vizinhos da Bahia. &#8220;Um compromisso que vamos firmar com toda esta regi\u00e3o \u00e9 de assegurar a realiza\u00e7\u00e3o do asfaltamento de Buritirama a Mansid\u00e3o e de Mansid\u00e3o a Santa Rita&#8221;, pontuou o pr\u00e9-candidato.<\/h3>\n<h3 style=\"text-align: justify\">Ele citou ainda a quest\u00e3o da seguran\u00e7a h\u00eddrica em Buritirama. &#8220;A adutora foi feita no governo de Paulo Souto e projetada para ter capacidade de 15 anos. A gente estava sobrevoando e deu para ver o quanto a cidade cresceu, a popula\u00e7\u00e3o se expandiu. E eu pergunto: o que eles fizeram (governos do PT) para garantir a seguran\u00e7a h\u00eddrica do munic\u00edpio, para evitar que corr\u00eassemos um risco de enfrentar colapso de abastecimento no sistema?&#8221;, questionou, ao firmar o compromisso de garantir o abastecimento de \u00e1gua na cidade.<\/h3>\n<h3 style=\"text-align: justify\">Em Buritirama, o prefeito Arival Viana (Uni\u00e3o Brasil) falou sobre a aus\u00eancia de a\u00e7\u00f5es do governo do estado. Neto disse que &#8220;n\u00e3o podemos aceitar essa postura de persegui\u00e7\u00e3o&#8221;. &#8220;\u00c9 inaceit\u00e1vel que o governo vire as costas para a cidade apenas pelo fato de o prefeito n\u00e3o estar bajulando o governador, n\u00e3o ficar l\u00e1 puxando o saco na governadoria. Mas quando o governo se distancia de Buritirama, ele n\u00e3o est\u00e1 se distanciando de voc\u00ea, Arival, mas do povo desta terra&#8221;, disse.<\/h3>\n<h3 style=\"text-align: justify\">ACM Neto tamb\u00e9m falou sobre a \u00e1rea da sa\u00fade e destacou a necessidade de ampliar a regionaliza\u00e7\u00e3o da rede. &#8220;S\u00f3 h\u00e1 um caminho: garantir a regionaliza\u00e7\u00e3o da sa\u00fade, a expans\u00e3o da m\u00e9dia e alta complexidade no interior, implantar uma quantidade maior de hospitais regionais. \u00c9 preciso chamar as prefeituras que j\u00e1 t\u00eam hospitais regionais e funcionam bem, garantir mais estrutura, ampliar, chegar junto, pagar a conta, n\u00e3o d\u00e1 para deixar nas costas do prefeito, e assegurar a amplia\u00e7\u00e3o do atendimento&#8221;, destacou.<\/h3>\n","protected":false},"excerpt":{"rendered":"<p>Em agenda na regi\u00e3o, pr\u00e9-candidato a governador ressaltou que esta \u00e9 uma demanda antiga, que j\u00e1 gerou inclusive manifesta\u00e7\u00f5es O pr\u00e9-candidato a governador ACM Neto (Uni\u00e3o Brasil) firmou nesta quinta-feira (17) o compromisso de, se eleito, realizar a pavimenta\u00e7\u00e3o da rodovia BA-351 entre os munic\u00edpios de Buritirama, Mansid\u00e3o e Santa Rita de C\u00e1ssia. Esta \u00e9 [&hellip;]<\/p>\n","protected":false},"author":992,"featured_media":0,"comment_status":"open","ping_status":"open","sticky":false,"template":"","format":"standard","meta":{"footnotes":"","_links_to":"","_links_to_target":""},"categories":[14],"tags":[],"class_list":["post-159683","post","type-post","status-publish","format-standard","hentry","category-bahia-geral"],"views":571,"_links":{"self":[{"href":"https:\/\/www.politicosdosuldabahia.com.br\/v1\/wp-json\/wp\/v2\/posts\/159683"}],"collection":[{"href":"https:\/\/www.politicosdosuldabahia.com.br\/v1\/wp-json\/wp\/v2\/posts"}],"about":[{"href":"https:\/\/www.politicosdosuldabahia.com.br\/v1\/wp-json\/wp\/v2\/types\/post"}],"author":[{"embeddable":true,"href":"https:\/\/www.politicosdosuldabahia.com.br\/v1\/wp-json\/wp\/v2\/users\/992"}],"replies":[{"embeddable":true,"href":"https:\/\/www.politicosdosuldabahia.com.br\/v1\/wp-json\/wp\/v2\/comments?post=159683"}],"version-history":[{"count":1,"href":"https:\/\/www.politicosdosuldabahia.com.br\/v1\/wp-json\/wp\/v2\/posts\/159683\/revisions"}],"predecessor-version":[{"id":159685,"href":"https:\/\/www.politicosdosuldabahia.com.br\/v1\/wp-json\/wp\/v2\/posts\/159683\/revisions\/159685"}],"wp:attachment":[{"href":"https:\/\/www.politicosdosuldabahia.com.br\/v1\/wp-json\/wp\/v2\/media?parent=159683"}],"wp:term":[{"taxonomy":"category","embeddable":true,"href":"https:\/\/www.politicosdosuldabahia.com.br\/v1\/wp-json\/wp\/v2\/categories?post=159683"},{"taxonomy":"post_tag","embeddable":true,"href":"https:\/\/www.politicosdosuldabahia.com.br\/v1\/wp-json\/wp\/v2\/tags?post=159683"}],"curies":[{"name":"wp","href":"https:\/\/api.w.org\/{rel}","templated":true}]}}