
{"id":158911,"date":"2022-01-31T16:42:43","date_gmt":"2022-01-31T19:42:43","guid":{"rendered":"http:\/\/www.politicosdosuldabahia.com.br\/v1\/?p=158911"},"modified":"2022-01-31T16:42:43","modified_gmt":"2022-01-31T19:42:43","slug":"municipios-serao-contemplados-com-donativos-do-sos-bahia","status":"publish","type":"post","link":"https:\/\/www.politicosdosuldabahia.com.br\/v1\/2022\/01\/31\/municipios-serao-contemplados-com-donativos-do-sos-bahia\/","title":{"rendered":"MUNIC\u00cdPIOS SER\u00c3O CONTEMPLADOS COM DONATIVOS DO SOS BAHIA"},"content":{"rendered":"<h3 style=\"font-weight: 400;text-align: center\">\u00a0<img loading=\"lazy\" decoding=\"async\" class=\"alignnone size-full wp-image-158912\" src=\"http:\/\/www.politicosdosuldabahia.com.br\/v1\/wp-content\/uploads\/2022\/01\/WhatsApp-Image-2022-01-31-at-16.15.19.jpeg\" alt=\"WhatsApp Image 2022-01-31 at 16.15.19\" width=\"455\" height=\"341\" srcset=\"https:\/\/www.politicosdosuldabahia.com.br\/v1\/wp-content\/uploads\/2022\/01\/WhatsApp-Image-2022-01-31-at-16.15.19.jpeg 455w, https:\/\/www.politicosdosuldabahia.com.br\/v1\/wp-content\/uploads\/2022\/01\/WhatsApp-Image-2022-01-31-at-16.15.19-300x225.jpeg 300w, https:\/\/www.politicosdosuldabahia.com.br\/v1\/wp-content\/uploads\/2022\/01\/WhatsApp-Image-2022-01-31-at-16.15.19-400x300.jpeg 400w\" sizes=\"(max-width: 455px) 100vw, 455px\" \/><\/h3>\n<h3 style=\"font-weight: 400;text-align: justify\">Durante uma reuni\u00e3o nesta segunda-feira, 31, entre o secret\u00e1rio executivo da Amurc, Luciano Veiga e a equipe SOS Bahia, foi discutida a estrat\u00e9gia para entrega de donativos aos munic\u00edpios afetados pelas fortes chuvas na regi\u00e3o.<\/h3>\n<h3 style=\"font-weight: 400;text-align: justify\">Estiveram presentes, o coordenador Nacional de Gest\u00e3o de Risco e de Desastre, Leonardo Ali, o coordenador de Campo Cruz Vermelha Brasileira, Jorge Martin, e a Coordenadora Financeira de Assist\u00eancia Social de Itap\u00e9, Regiane Chaves.<\/h3>\n<h3 style=\"font-weight: 400;text-align: justify\">Os munic\u00edpios ser\u00e3o contemplados com material de limpeza, cesta b\u00e1sica, \u00e1gua pot\u00e1vel e a ajuda de profissionais da sa\u00fade.<\/h3>\n","protected":false},"excerpt":{"rendered":"<p>\u00a0 Durante uma reuni\u00e3o nesta segunda-feira, 31, entre o secret\u00e1rio executivo da Amurc, Luciano Veiga e a equipe SOS Bahia, foi discutida a estrat\u00e9gia para entrega de donativos aos munic\u00edpios afetados pelas fortes chuvas na regi\u00e3o. Estiveram presentes, o coordenador Nacional de Gest\u00e3o de Risco e de Desastre, Leonardo Ali, o coordenador de Campo Cruz [&hellip;]<\/p>\n","protected":false},"author":992,"featured_media":0,"comment_status":"open","ping_status":"open","sticky":false,"template":"","format":"standard","meta":{"footnotes":"","_links_to":"","_links_to_target":""},"categories":[14],"tags":[],"class_list":["post-158911","post","type-post","status-publish","format-standard","hentry","category-bahia-geral"],"views":603,"_links":{"self":[{"href":"https:\/\/www.politicosdosuldabahia.com.br\/v1\/wp-json\/wp\/v2\/posts\/158911"}],"collection":[{"href":"https:\/\/www.politicosdosuldabahia.com.br\/v1\/wp-json\/wp\/v2\/posts"}],"about":[{"href":"https:\/\/www.politicosdosuldabahia.com.br\/v1\/wp-json\/wp\/v2\/types\/post"}],"author":[{"embeddable":true,"href":"https:\/\/www.politicosdosuldabahia.com.br\/v1\/wp-json\/wp\/v2\/users\/992"}],"replies":[{"embeddable":true,"href":"https:\/\/www.politicosdosuldabahia.com.br\/v1\/wp-json\/wp\/v2\/comments?post=158911"}],"version-history":[{"count":1,"href":"https:\/\/www.politicosdosuldabahia.com.br\/v1\/wp-json\/wp\/v2\/posts\/158911\/revisions"}],"predecessor-version":[{"id":158913,"href":"https:\/\/www.politicosdosuldabahia.com.br\/v1\/wp-json\/wp\/v2\/posts\/158911\/revisions\/158913"}],"wp:attachment":[{"href":"https:\/\/www.politicosdosuldabahia.com.br\/v1\/wp-json\/wp\/v2\/media?parent=158911"}],"wp:term":[{"taxonomy":"category","embeddable":true,"href":"https:\/\/www.politicosdosuldabahia.com.br\/v1\/wp-json\/wp\/v2\/categories?post=158911"},{"taxonomy":"post_tag","embeddable":true,"href":"https:\/\/www.politicosdosuldabahia.com.br\/v1\/wp-json\/wp\/v2\/tags?post=158911"}],"curies":[{"name":"wp","href":"https:\/\/api.w.org\/{rel}","templated":true}]}}