
{"id":158689,"date":"2022-01-25T17:41:28","date_gmt":"2022-01-25T20:41:28","guid":{"rendered":"http:\/\/www.politicosdosuldabahia.com.br\/v1\/?p=158689"},"modified":"2022-01-25T17:41:28","modified_gmt":"2022-01-25T20:41:28","slug":"bahia-registra-2-336-casos-de-h3n2-com-114-obitos","status":"publish","type":"post","link":"https:\/\/www.politicosdosuldabahia.com.br\/v1\/2022\/01\/25\/bahia-registra-2-336-casos-de-h3n2-com-114-obitos\/","title":{"rendered":"BAHIA REGISTRA 2.336 CASOS DE H3N2 COM 114 \u00d3BITOS"},"content":{"rendered":"<h3 style=\"text-align: justify\"><img loading=\"lazy\" decoding=\"async\" class=\"aligncenter wp-image-158690\" src=\"http:\/\/www.politicosdosuldabahia.com.br\/v1\/wp-content\/uploads\/2022\/01\/Atendimento-paciente-1-360x240.jpg\" alt=\"Atendimento-paciente-1-360x240\" width=\"455\" height=\"303\" srcset=\"https:\/\/www.politicosdosuldabahia.com.br\/v1\/wp-content\/uploads\/2022\/01\/Atendimento-paciente-1-360x240.jpg 360w, https:\/\/www.politicosdosuldabahia.com.br\/v1\/wp-content\/uploads\/2022\/01\/Atendimento-paciente-1-360x240-300x200.jpg 300w\" sizes=\"(max-width: 455px) 100vw, 455px\" \/><\/h3>\n<h3 style=\"text-align: justify\">De 1\u00ba de novembro de 2021 at\u00e9 25 de janeiro deste ano, a Secretaria da Sa\u00fade do Estado da Bahia (Sesab) registrou 2.336 casos de Influenza A, do tipo H3N2, distribu\u00eddos em 214 munic\u00edpios. Deste total, 1.079 (46,19%) s\u00e3o residentes em Salvador. Vale ressaltar que se trata de uma amostragem de casos de S\u00edndrome Gripal (SG), pois nem todas as amostras coletadas s\u00e3o testadas para Influenza.<\/h3>\n<h3 style=\"text-align: justify\">De acordo com a Diretoria de Vigil\u00e2ncia Epidemiol\u00f3gica da Bahia, dos 2.336 casos, 487 evolu\u00edram para S\u00edndrome Respirat\u00f3ria Aguda Grave (SRAG) e necessitaram de interna\u00e7\u00e3o, com 114 pacientes evoluindo a \u00f3bito, o que caracteriza uma letalidade de 23,4%. Dos 31 munic\u00edpios que notificaram \u00f3bitos, Salvador (62), Feira de Santana (8) e Teixeira de Freitas (7) concentram 67,5% das mortes.<\/h3>\n<h3 style=\"text-align: justify\">Do total de \u00f3bitos, 58 ocorreram no sexo feminino e 56 no sexo masculino. A maioria ocorreu na faixa et\u00e1ria acima de 80 anos (61 \u00f3bitos). Outros 21 \u00f3bitos ocorreram em pessoas de 70 a 79 anos.<\/h3>\n<h3 style=\"text-align: justify\"><strong>Medidas de preven\u00e7\u00e3o<\/strong><\/h3>\n<h3 style=\"text-align: justify\">Enquanto a vacina Influenza da campanha de 2022 est\u00e1 em fase de produ\u00e7\u00e3o, a popula\u00e7\u00e3o pode e deve adotar as seguintes medidas de precau\u00e7\u00e3o: utilizar m\u00e1scara e \u00e1lcool em gel; lavar as m\u00e3os v\u00e1rias vezes ao dia, principalmente antes de consumir alimentos; evitar tocar a face e mucosas de olhos, nariz e boca; cobrir nariz e boca quando espirrar ou tossir; manter os ambientes bem ventilados; evitar contato pr\u00f3ximo com pessoas que apresentem sintomas de gripe; evitar aglomera\u00e7\u00f5es e ambientes fechados; e adotar h\u00e1bitos saud\u00e1veis, como alimenta\u00e7\u00e3o balanceada e ingest\u00e3o de l\u00edquidos.<\/h3>\n","protected":false},"excerpt":{"rendered":"<p>De 1\u00ba de novembro de 2021 at\u00e9 25 de janeiro deste ano, a Secretaria da Sa\u00fade do Estado da Bahia (Sesab) registrou 2.336 casos de Influenza A, do tipo H3N2, distribu\u00eddos em 214 munic\u00edpios. Deste total, 1.079 (46,19%) s\u00e3o residentes em Salvador. Vale ressaltar que se trata de uma amostragem de casos de S\u00edndrome Gripal [&hellip;]<\/p>\n","protected":false},"author":992,"featured_media":0,"comment_status":"open","ping_status":"open","sticky":false,"template":"","format":"standard","meta":{"footnotes":"","_links_to":"","_links_to_target":""},"categories":[14],"tags":[],"class_list":["post-158689","post","type-post","status-publish","format-standard","hentry","category-bahia-geral"],"views":562,"_links":{"self":[{"href":"https:\/\/www.politicosdosuldabahia.com.br\/v1\/wp-json\/wp\/v2\/posts\/158689"}],"collection":[{"href":"https:\/\/www.politicosdosuldabahia.com.br\/v1\/wp-json\/wp\/v2\/posts"}],"about":[{"href":"https:\/\/www.politicosdosuldabahia.com.br\/v1\/wp-json\/wp\/v2\/types\/post"}],"author":[{"embeddable":true,"href":"https:\/\/www.politicosdosuldabahia.com.br\/v1\/wp-json\/wp\/v2\/users\/992"}],"replies":[{"embeddable":true,"href":"https:\/\/www.politicosdosuldabahia.com.br\/v1\/wp-json\/wp\/v2\/comments?post=158689"}],"version-history":[{"count":1,"href":"https:\/\/www.politicosdosuldabahia.com.br\/v1\/wp-json\/wp\/v2\/posts\/158689\/revisions"}],"predecessor-version":[{"id":158691,"href":"https:\/\/www.politicosdosuldabahia.com.br\/v1\/wp-json\/wp\/v2\/posts\/158689\/revisions\/158691"}],"wp:attachment":[{"href":"https:\/\/www.politicosdosuldabahia.com.br\/v1\/wp-json\/wp\/v2\/media?parent=158689"}],"wp:term":[{"taxonomy":"category","embeddable":true,"href":"https:\/\/www.politicosdosuldabahia.com.br\/v1\/wp-json\/wp\/v2\/categories?post=158689"},{"taxonomy":"post_tag","embeddable":true,"href":"https:\/\/www.politicosdosuldabahia.com.br\/v1\/wp-json\/wp\/v2\/tags?post=158689"}],"curies":[{"name":"wp","href":"https:\/\/api.w.org\/{rel}","templated":true}]}}