
{"id":158443,"date":"2022-01-19T15:00:44","date_gmt":"2022-01-19T18:00:44","guid":{"rendered":"http:\/\/www.politicosdosuldabahia.com.br\/v1\/?p=158443"},"modified":"2022-01-19T14:59:01","modified_gmt":"2022-01-19T17:59:01","slug":"acm-neto-diz-que-seguranca-publica-sera-uma-das-prioridades-do-seu-plano-de-governo","status":"publish","type":"post","link":"https:\/\/www.politicosdosuldabahia.com.br\/v1\/2022\/01\/19\/acm-neto-diz-que-seguranca-publica-sera-uma-das-prioridades-do-seu-plano-de-governo\/","title":{"rendered":"ACM NETO DIZ QUE SEGURAN\u00c7A P\u00daBLICA SER\u00c1 UMA DAS PRIORIDADES DO SEU PLANO DE GOVERNO"},"content":{"rendered":"<h3 style=\"text-align: justify\"><img loading=\"lazy\" decoding=\"async\" class=\"size-full wp-image-158444 aligncenter\" src=\"http:\/\/www.politicosdosuldabahia.com.br\/v1\/wp-content\/uploads\/2022\/01\/WhatsApp-Image-2022-01-19-at-13.30.02.jpeg\" alt=\"WhatsApp Image 2022-01-19 at 13.30.02\" width=\"303\" height=\"455\" srcset=\"https:\/\/www.politicosdosuldabahia.com.br\/v1\/wp-content\/uploads\/2022\/01\/WhatsApp-Image-2022-01-19-at-13.30.02.jpeg 303w, https:\/\/www.politicosdosuldabahia.com.br\/v1\/wp-content\/uploads\/2022\/01\/WhatsApp-Image-2022-01-19-at-13.30.02-200x300.jpeg 200w\" sizes=\"(max-width: 303px) 100vw, 303px\" \/><\/h3>\n<h3 style=\"text-align: justify\">Pr\u00e9-candidato a governador afirmou que \u201co legado que vai ser deixado por 16 anos do governo do PT na \u00e1rea da seguran\u00e7a p\u00fablica infelizmente \u00e9 de viol\u00eancia\u201d<\/h3>\n<h3 style=\"text-align: justify\">O pr\u00e9-candidato a governador ACM Neto (Democratas\/ Uni\u00e3o Brasil) afirmou que a seguran\u00e7a p\u00fablica \u00e9 um dos grandes desafios para o futuro da Bahia e que o tema \u00e9 uma das prioridades do seu plano de governo para a disputa eleitoral deste ano. Em entrevista \u00e0 r\u00e1dio Andai\u00e1 FM, de Santo Ant\u00f4nio de Jesus, na noite desta ter\u00e7a-feira (18), Neto ainda voltou a criticar a \u201ctransfer\u00eancia de responsabilidade\u201d dos governos petistas nesta \u00e1rea e defendeu a valoriza\u00e7\u00e3o dos profissionais da seguran\u00e7a.<\/h3>\n<h3 style=\"text-align: justify\">\u201c\u00c9 um assunto que eu encaro com a maior seriedade, vai ser um dos grandes desafios para o futuro da Bahia e certamente \u00e9 um dos temas mais importantes do plano de governo que n\u00f3s pretendemos apresentar aos baianos neste ano\u201d, destacou o pr\u00e9-candidato e ex-prefeito de Salvador.<\/h3>\n<h3 style=\"text-align: justify\">\u201cDesde 2017 a Bahia \u00e9 campe\u00e3 nacional do n\u00famero de homic\u00eddios. A Bahia sozinha responde por 14% do n\u00famero de homic\u00eddios. Quando a gente pega os dados de 2020 para 2021, houve uma queda no n\u00famero de homic\u00eddios e mortes violentas no Brasil. Na Bahia cresceu. Ent\u00e3o a realidade hoje \u00e9 de inseguran\u00e7a na grande, na m\u00e9dia e na pequena cidade. Tem lugares aqui em Salvador que a pol\u00edcia n\u00e3o consegue entrar. O legado que vai ser deixado por 16 anos do governo do PT na \u00e1rea da seguran\u00e7a p\u00fablica infelizmente \u00e9 de viol\u00eancia\u201d, acrescentou.<\/h3>\n<h3 style=\"text-align: justify\">O tema, segundo ele, exige prioridade e envolvimento do governador. \u201cNesses quatro governos do PT, dois governos de (Jaques) Wagner, dois governos de Rui (Costa), o que a gente presenciou foi o governador tirar o bra\u00e7o da seringa. Os governadores simplesmente transferiram a responsabilidade. Quando perguntavam a Rui ou a Wagner, eles diziam que era um problema nacional. Verdade, \u00e9 um problema nacional. Agora, tem muitos estados que est\u00e3o reduzindo a criminalidade. Por que n\u00e3o a Bahia est\u00e1 crescendo?\u201d, questionou.<\/h3>\n<h3 style=\"text-align: justify\">Segundo Neto, a quest\u00e3o social utilizada como justificativa para os n\u00fameros elevados tamb\u00e9m influencia. \u201cMas isso n\u00e3o pode ser desculpa. A primeira coisa que tem que \u00e9 que o governador tem que encarar o problema, tem que ter coragem pra se envolver na solu\u00e7\u00e3o. N\u00e3o pode ficar transferindo a responsabilidade para o secret\u00e1rio de Seguran\u00e7a P\u00fablica, para o comandante geral da Pol\u00edcia Militar. Veja o absurdo, outro dia o secret\u00e1rio de Seguran\u00e7a P\u00fablica disse outro dia que a solu\u00e7\u00e3o para os problemas da viol\u00eancia era legalizar as drogas em nosso estado. Meu Deus do c\u00e9u, isso \u00e9 um absurdo\u201d, ressaltou.<\/h3>\n<h3 style=\"text-align: justify\">Valoriza\u00e7\u00e3o dos profissionais<br \/>\nACM Neto disse ainda que \u00e9 preciso valorizar os profissionais que atuam na \u00e1rea da seguran\u00e7a p\u00fablica. \u201cHoje, tanto a Pol\u00edcia Militar, como a Pol\u00edcia Civil, como os profissionais de seguran\u00e7a em geral est\u00e3o desmotivados. \u00c9 preciso chamar essa turma, botar essa turma para trabalhar com motiva\u00e7\u00e3o, dar melhores condi\u00e7\u00f5es de remunera\u00e7\u00e3o, dar melhores condi\u00e7\u00f5es de trabalho, trazer o que h\u00e1 de mais moderno em tecnologia no Brasil e no mundo\u201d, pontuou.<\/h3>\n<h3 style=\"text-align: justify\">\u201cSe for governador, eu n\u00e3o vou ter receio de copiar os bons exemplos, o que est\u00e1 acontecendo de positivo no Brasil, como no estado de Goi\u00e1s, que houve uma redu\u00e7\u00e3o de todos os n\u00fameros de criminalidade, em outros lugares do mundo, trazer tecnologia para combater o crime para botar bandido na cadeia. Lugar de bandido tem que ser na cadeia\u201d, acrescentou.<\/h3>\n","protected":false},"excerpt":{"rendered":"<p>Pr\u00e9-candidato a governador afirmou que \u201co legado que vai ser deixado por 16 anos do governo do PT na \u00e1rea da seguran\u00e7a p\u00fablica infelizmente \u00e9 de viol\u00eancia\u201d O pr\u00e9-candidato a governador ACM Neto (Democratas\/ Uni\u00e3o Brasil) afirmou que a seguran\u00e7a p\u00fablica \u00e9 um dos grandes desafios para o futuro da Bahia e que o tema [&hellip;]<\/p>\n","protected":false},"author":992,"featured_media":0,"comment_status":"open","ping_status":"open","sticky":false,"template":"","format":"standard","meta":{"footnotes":"","_links_to":"","_links_to_target":""},"categories":[14],"tags":[],"class_list":["post-158443","post","type-post","status-publish","format-standard","hentry","category-bahia-geral"],"views":594,"_links":{"self":[{"href":"https:\/\/www.politicosdosuldabahia.com.br\/v1\/wp-json\/wp\/v2\/posts\/158443"}],"collection":[{"href":"https:\/\/www.politicosdosuldabahia.com.br\/v1\/wp-json\/wp\/v2\/posts"}],"about":[{"href":"https:\/\/www.politicosdosuldabahia.com.br\/v1\/wp-json\/wp\/v2\/types\/post"}],"author":[{"embeddable":true,"href":"https:\/\/www.politicosdosuldabahia.com.br\/v1\/wp-json\/wp\/v2\/users\/992"}],"replies":[{"embeddable":true,"href":"https:\/\/www.politicosdosuldabahia.com.br\/v1\/wp-json\/wp\/v2\/comments?post=158443"}],"version-history":[{"count":1,"href":"https:\/\/www.politicosdosuldabahia.com.br\/v1\/wp-json\/wp\/v2\/posts\/158443\/revisions"}],"predecessor-version":[{"id":158445,"href":"https:\/\/www.politicosdosuldabahia.com.br\/v1\/wp-json\/wp\/v2\/posts\/158443\/revisions\/158445"}],"wp:attachment":[{"href":"https:\/\/www.politicosdosuldabahia.com.br\/v1\/wp-json\/wp\/v2\/media?parent=158443"}],"wp:term":[{"taxonomy":"category","embeddable":true,"href":"https:\/\/www.politicosdosuldabahia.com.br\/v1\/wp-json\/wp\/v2\/categories?post=158443"},{"taxonomy":"post_tag","embeddable":true,"href":"https:\/\/www.politicosdosuldabahia.com.br\/v1\/wp-json\/wp\/v2\/tags?post=158443"}],"curies":[{"name":"wp","href":"https:\/\/api.w.org\/{rel}","templated":true}]}}