
{"id":158254,"date":"2022-01-13T15:00:54","date_gmt":"2022-01-13T18:00:54","guid":{"rendered":"http:\/\/www.politicosdosuldabahia.com.br\/v1\/?p=158254"},"modified":"2022-01-13T14:20:36","modified_gmt":"2022-01-13T17:20:36","slug":"bahia-operacao-forca-total-intensifica-policiamento","status":"publish","type":"post","link":"https:\/\/www.politicosdosuldabahia.com.br\/v1\/2022\/01\/13\/bahia-operacao-forca-total-intensifica-policiamento\/","title":{"rendered":"BAHIA: OPERA\u00c7\u00c3O FOR\u00c7A TOTAL INTENSIFICA POLICIAMENTO"},"content":{"rendered":"<div>\n<div><\/div>\n<h3 style=\"text-align: justify\"><img loading=\"lazy\" decoding=\"async\" class=\"size-full wp-image-158255 aligncenter\" src=\"http:\/\/www.politicosdosuldabahia.com.br\/v1\/wp-content\/uploads\/2022\/01\/Foto_PMBA-7.jpg\" alt=\"Foto_PMBA (7)\" width=\"455\" height=\"256\" srcset=\"https:\/\/www.politicosdosuldabahia.com.br\/v1\/wp-content\/uploads\/2022\/01\/Foto_PMBA-7.jpg 455w, https:\/\/www.politicosdosuldabahia.com.br\/v1\/wp-content\/uploads\/2022\/01\/Foto_PMBA-7-300x169.jpg 300w\" sizes=\"(max-width: 455px) 100vw, 455px\" \/><\/h3>\n<h3 style=\"text-align: justify\">A Pol\u00edcia Militar da Bahia (PMBA) intensificou o policiamento nos 417 munic\u00edpios baianos com o in\u00edcio da primeira edi\u00e7\u00e3o da Opera\u00e7\u00e3o For\u00e7a Total. A cerim\u00f4nia de lan\u00e7amento ocorreu nesta quinta-feira (13), no bairro da Boca do Rio, com a presen\u00e7a do comandante-geral da PM, coronel Paulo Coutinho, de pra\u00e7as e oficiais da corpora\u00e7\u00e3o.<\/h3>\n<h3 style=\"text-align: justify\">A opera\u00e7\u00e3o amplia as a\u00e7\u00f5es ostensivas, preventivas e repressivas de forma a potencializar o policiamento e as opera\u00e7\u00f5es policiais j\u00e1 em andamento, ampliando a seguran\u00e7a no estado. Tamb\u00e9m est\u00e1 previsto policiamento em \u00e1reas espec\u00edficas e o cumprimento de mandados de pris\u00e3o, abordagens a pessoas, ve\u00edculos e \u00f4nibus, al\u00e9m de paradas em pontos estrat\u00e9gicos nos principais corredores de tr\u00e1fego e blitzes nas rodovias estaduais.<\/h3>\n<h3 style=\"text-align: justify\">Al\u00e9m do efetivo que atua diariamente, cinco mil policiais militares ir\u00e3o refor\u00e7ar as a\u00e7\u00f5es, inclusive das unidades administrativas e de ensino. Eles atuar\u00e3o a p\u00e9, em viaturas, motocicletas, bases m\u00f3veis, aeronaves e em postos de abordagem policial.<\/h3>\n<h3>\u201cA nossa principal miss\u00e3o \u00e9 proteger a sociedade. No \u00faltimo trimestre, tivemos uma redu\u00e7\u00e3o de 14,3% nos Crimes Violentos Letais e Intencionais [CVLI] e 40% no m\u00eas de janeiro, em compara\u00e7\u00e3o com o mesmo m\u00eas do ano passado. Esse resultado \u00e9 fruto do trabalho de toda a tropa, grande respons\u00e1vel por essa redu\u00e7\u00e3o. Esta opera\u00e7\u00e3o \u00e9 uma mensagem de for\u00e7a e seguran\u00e7a para o cidad\u00e3o\u201d, pontua o comandante-geral.<\/h3>\n<\/div>\n<h3 style=\"text-align: justify\"><\/h3>\n","protected":false},"excerpt":{"rendered":"<p>A Pol\u00edcia Militar da Bahia (PMBA) intensificou o policiamento nos 417 munic\u00edpios baianos com o in\u00edcio da primeira edi\u00e7\u00e3o da Opera\u00e7\u00e3o For\u00e7a Total. A cerim\u00f4nia de lan\u00e7amento ocorreu nesta quinta-feira (13), no bairro da Boca do Rio, com a presen\u00e7a do comandante-geral da PM, coronel Paulo Coutinho, de pra\u00e7as e oficiais da corpora\u00e7\u00e3o. A opera\u00e7\u00e3o [&hellip;]<\/p>\n","protected":false},"author":992,"featured_media":0,"comment_status":"open","ping_status":"open","sticky":false,"template":"","format":"standard","meta":{"footnotes":"","_links_to":"","_links_to_target":""},"categories":[14],"tags":[],"class_list":["post-158254","post","type-post","status-publish","format-standard","hentry","category-bahia-geral"],"views":621,"_links":{"self":[{"href":"https:\/\/www.politicosdosuldabahia.com.br\/v1\/wp-json\/wp\/v2\/posts\/158254"}],"collection":[{"href":"https:\/\/www.politicosdosuldabahia.com.br\/v1\/wp-json\/wp\/v2\/posts"}],"about":[{"href":"https:\/\/www.politicosdosuldabahia.com.br\/v1\/wp-json\/wp\/v2\/types\/post"}],"author":[{"embeddable":true,"href":"https:\/\/www.politicosdosuldabahia.com.br\/v1\/wp-json\/wp\/v2\/users\/992"}],"replies":[{"embeddable":true,"href":"https:\/\/www.politicosdosuldabahia.com.br\/v1\/wp-json\/wp\/v2\/comments?post=158254"}],"version-history":[{"count":1,"href":"https:\/\/www.politicosdosuldabahia.com.br\/v1\/wp-json\/wp\/v2\/posts\/158254\/revisions"}],"predecessor-version":[{"id":158256,"href":"https:\/\/www.politicosdosuldabahia.com.br\/v1\/wp-json\/wp\/v2\/posts\/158254\/revisions\/158256"}],"wp:attachment":[{"href":"https:\/\/www.politicosdosuldabahia.com.br\/v1\/wp-json\/wp\/v2\/media?parent=158254"}],"wp:term":[{"taxonomy":"category","embeddable":true,"href":"https:\/\/www.politicosdosuldabahia.com.br\/v1\/wp-json\/wp\/v2\/categories?post=158254"},{"taxonomy":"post_tag","embeddable":true,"href":"https:\/\/www.politicosdosuldabahia.com.br\/v1\/wp-json\/wp\/v2\/tags?post=158254"}],"curies":[{"name":"wp","href":"https:\/\/api.w.org\/{rel}","templated":true}]}}