
{"id":158116,"date":"2022-01-10T20:44:19","date_gmt":"2022-01-10T23:44:19","guid":{"rendered":"http:\/\/www.politicosdosuldabahia.com.br\/v1\/?p=158116"},"modified":"2022-01-10T20:44:19","modified_gmt":"2022-01-10T23:44:19","slug":"bahia-decreto-reduz-para-3-mil-pessoas-o-numero-maximo-de-piblico-em-eventos-e-estadios","status":"publish","type":"post","link":"https:\/\/www.politicosdosuldabahia.com.br\/v1\/2022\/01\/10\/bahia-decreto-reduz-para-3-mil-pessoas-o-numero-maximo-de-piblico-em-eventos-e-estadios\/","title":{"rendered":"BAHIA: DECRETO REDUZ PARA 3 MIL PESSOAS O N\u00daMERO M\u00c1XIMO DE P\u00cdBLICO EM EVENTOS E EST\u00c1DIOS"},"content":{"rendered":"<h3 style=\"text-align: justify\"><img loading=\"lazy\" decoding=\"async\" class=\"wp-image-107663 aligncenter\" src=\"http:\/\/www.politicosdosuldabahia.com.br\/v1\/wp-content\/uploads\/2018\/06\/festas.jpg\" alt=\"festas\" width=\"455\" height=\"261\" srcset=\"https:\/\/www.politicosdosuldabahia.com.br\/v1\/wp-content\/uploads\/2018\/06\/festas.jpg 696w, https:\/\/www.politicosdosuldabahia.com.br\/v1\/wp-content\/uploads\/2018\/06\/festas-300x172.jpg 300w\" sizes=\"(max-width: 455px) 100vw, 455px\" \/><\/h3>\n<h3 style=\"text-align: justify\">Ap\u00f3s reuni\u00e3o realizada no fim da manh\u00e3 desta segunda-feira (10), o governador Rui Costa decidiu reduzir para at\u00e9 3 mil o n\u00famero m\u00e1ximo de pessoas em eventos em todo o territ\u00f3rio baiano, incluindo est\u00e1dios de futebol. O novo decreto ser\u00e1 publicado na edi\u00e7\u00e3o desta ter\u00e7a-feira (11) do Di\u00e1rio Oficial do Estado (DOE) e substitui o atual, que permite at\u00e9 5 mil pessoas em eventos e teria validade at\u00e9 o dia 14 de janeiro.<\/h3>\n<h3 style=\"text-align: justify\">De acordo com o governador, dois par\u00e2metros foram determinantes para a decis\u00e3o. \u201cEstamos lidando com uma situa\u00e7\u00e3o de pr\u00e9-colapso nas emerg\u00eancias municipais, UPAs, postos de sa\u00fade e nas emerg\u00eancias dos hospitais estaduais, assim como uma verdadeira explos\u00e3o do n\u00famero de casos ativos. Estamos lidando com essa pandemia desde mar\u00e7o de 2020 e, com a experi\u00eancia desse tempo, ficou comprovado que toda vez que se restringe o contato, restringimos o cont\u00e1gio. Esperamos que essa medida sirva de alerta tamb\u00e9m para quem organiza eventos, que passem a exigir o atestado de vacina\u00e7\u00e3o com maior rigor\u201d, afirmou.<\/h3>\n<h3 style=\"text-align: justify\">Al\u00e9m do n\u00famero m\u00e1ximo de 3 mil pessoas, os eventos devem obedecer \u00e0 regra de lota\u00e7\u00e3o m\u00e1xima de 50% da capacidade de cada local. Ser\u00e3o mantidas no novo decreto as obrigatoriedades da comprova\u00e7\u00e3o de vacina\u00e7\u00e3o contra a Covid-19 e do uso de m\u00e1scara pelo p\u00fablico e demais participantes dos eventos. Essa exig\u00eancia se estender\u00e1 para bares e restaurantes que, a partir de agora, devem exigir dos clientes o comprovante de vacina\u00e7\u00e3o.<\/h3>\n<h3 style=\"text-align: justify\">&#8220;\u00c9 importante que todos ajudem, comerciantes, donos de bares e restaurantes, que exijam o uso de m\u00e1scara e o comprovante de vacina\u00e7\u00e3o para entrada em seus estabelecimentos. Dessa forma, voc\u00eas estar\u00e3o protegendo a sa\u00fade das pessoas e tamb\u00e9m os seus neg\u00f3cios, sua atividade econ\u00f4mica. Se todo mundo ajudar, a gente sai dessa situa\u00e7\u00e3o rapidamente\u201d, acrescentou Rui.<\/h3>\n<h3 style=\"text-align: justify\">A decis\u00e3o pelo refor\u00e7o de medidas de maior restri\u00e7\u00e3o ocorre para tentar conter o aumento de casos de infec\u00e7\u00e3o pelo coronav\u00edrus. O n\u00famero de casos ativos na Bahia j\u00e1 ultrapassa a marca dos 4 mil, de acordo com o boletim mais recente divulgado pela Secretaria da Sa\u00fade do Estado (Sesab).<\/h3>\n<h3 style=\"text-align: justify\">O governador falou tamb\u00e9m sobre a possibilidade de amplia\u00e7\u00e3o dos leitos de UTI na Bahia. \u201cN\u00f3s estamos ampliando os leitos para Covid nos hospitais existentes, o Espanhol, Metropolitano e Couto Maia, e tamb\u00e9m para receber pacientes graves de H3N2. Estamos separando alas diferentes para atender os infectados dessa doen\u00e7a [H3N2] que tem crescido muito tamb\u00e9m e \u00e9 muito contagiosa&#8221;, disse.<\/h3>\n<h3 style=\"text-align: justify\">Participaram da reuni\u00e3o os secret\u00e1rios estaduais da Sa\u00fade, Tereza Paim, e da Casa Civil, Carlos Mello, e o procurador-geral do Estado, Paulo Moreno.<\/h3>\n","protected":false},"excerpt":{"rendered":"<p>Ap\u00f3s reuni\u00e3o realizada no fim da manh\u00e3 desta segunda-feira (10), o governador Rui Costa decidiu reduzir para at\u00e9 3 mil o n\u00famero m\u00e1ximo de pessoas em eventos em todo o territ\u00f3rio baiano, incluindo est\u00e1dios de futebol. O novo decreto ser\u00e1 publicado na edi\u00e7\u00e3o desta ter\u00e7a-feira (11) do Di\u00e1rio Oficial do Estado (DOE) e substitui o [&hellip;]<\/p>\n","protected":false},"author":992,"featured_media":0,"comment_status":"open","ping_status":"open","sticky":false,"template":"","format":"standard","meta":{"footnotes":"","_links_to":"","_links_to_target":""},"categories":[14],"tags":[],"class_list":["post-158116","post","type-post","status-publish","format-standard","hentry","category-bahia-geral"],"views":628,"_links":{"self":[{"href":"https:\/\/www.politicosdosuldabahia.com.br\/v1\/wp-json\/wp\/v2\/posts\/158116"}],"collection":[{"href":"https:\/\/www.politicosdosuldabahia.com.br\/v1\/wp-json\/wp\/v2\/posts"}],"about":[{"href":"https:\/\/www.politicosdosuldabahia.com.br\/v1\/wp-json\/wp\/v2\/types\/post"}],"author":[{"embeddable":true,"href":"https:\/\/www.politicosdosuldabahia.com.br\/v1\/wp-json\/wp\/v2\/users\/992"}],"replies":[{"embeddable":true,"href":"https:\/\/www.politicosdosuldabahia.com.br\/v1\/wp-json\/wp\/v2\/comments?post=158116"}],"version-history":[{"count":1,"href":"https:\/\/www.politicosdosuldabahia.com.br\/v1\/wp-json\/wp\/v2\/posts\/158116\/revisions"}],"predecessor-version":[{"id":158117,"href":"https:\/\/www.politicosdosuldabahia.com.br\/v1\/wp-json\/wp\/v2\/posts\/158116\/revisions\/158117"}],"wp:attachment":[{"href":"https:\/\/www.politicosdosuldabahia.com.br\/v1\/wp-json\/wp\/v2\/media?parent=158116"}],"wp:term":[{"taxonomy":"category","embeddable":true,"href":"https:\/\/www.politicosdosuldabahia.com.br\/v1\/wp-json\/wp\/v2\/categories?post=158116"},{"taxonomy":"post_tag","embeddable":true,"href":"https:\/\/www.politicosdosuldabahia.com.br\/v1\/wp-json\/wp\/v2\/tags?post=158116"}],"curies":[{"name":"wp","href":"https:\/\/api.w.org\/{rel}","templated":true}]}}