
{"id":158114,"date":"2022-01-10T20:41:26","date_gmt":"2022-01-10T23:41:26","guid":{"rendered":"http:\/\/www.politicosdosuldabahia.com.br\/v1\/?p=158114"},"modified":"2022-01-10T20:41:26","modified_gmt":"2022-01-10T23:41:26","slug":"bahia-estado-assinara-primeiros-convenios-para-reconstrucao-de-casas-afetadas-pelas-chuvas","status":"publish","type":"post","link":"https:\/\/www.politicosdosuldabahia.com.br\/v1\/2022\/01\/10\/bahia-estado-assinara-primeiros-convenios-para-reconstrucao-de-casas-afetadas-pelas-chuvas\/","title":{"rendered":"BAHIA: ESTADO ASSINAR\u00c1  PRIMEIROS CONV\u00caNIOS PARA RECONSTRU\u00c7\u00c3O DE CASAS AFETADAS PELAS CHUVAS"},"content":{"rendered":"<h3 class=\"entry-title\" style=\"text-align: justify\">Os primeiros conv\u00eanios para reconstru\u00e7\u00e3o das casas afetadas pelas fortes chuvas e enchentes que atingiram a Bahia ser\u00e3o assinados ainda esta semana. \u00c9 o que informa o governador Rui Costa, ap\u00f3s a realiza\u00e7\u00e3o de reuni\u00f5es virtuais com diversos prefeitos e prefeitas. Rui ressalta que o Governo do Estado segue monitorando a situa\u00e7\u00e3o dos munic\u00edpios e conta que alguns gestores j\u00e1 entregaram os projetos com a defini\u00e7\u00e3o de locais seguros para os im\u00f3veis sejam erguidos.<\/h3>\n","protected":false},"excerpt":{"rendered":"<p>Os primeiros conv\u00eanios para reconstru\u00e7\u00e3o das casas afetadas pelas fortes chuvas e enchentes que atingiram a Bahia ser\u00e3o assinados ainda esta semana. \u00c9 o que informa o governador Rui Costa, ap\u00f3s a realiza\u00e7\u00e3o de reuni\u00f5es virtuais com diversos prefeitos e prefeitas. Rui ressalta que o Governo do Estado segue monitorando a situa\u00e7\u00e3o dos munic\u00edpios e [&hellip;]<\/p>\n","protected":false},"author":992,"featured_media":0,"comment_status":"open","ping_status":"open","sticky":false,"template":"","format":"standard","meta":{"footnotes":"","_links_to":"","_links_to_target":""},"categories":[14],"tags":[],"class_list":["post-158114","post","type-post","status-publish","format-standard","hentry","category-bahia-geral"],"views":621,"_links":{"self":[{"href":"https:\/\/www.politicosdosuldabahia.com.br\/v1\/wp-json\/wp\/v2\/posts\/158114"}],"collection":[{"href":"https:\/\/www.politicosdosuldabahia.com.br\/v1\/wp-json\/wp\/v2\/posts"}],"about":[{"href":"https:\/\/www.politicosdosuldabahia.com.br\/v1\/wp-json\/wp\/v2\/types\/post"}],"author":[{"embeddable":true,"href":"https:\/\/www.politicosdosuldabahia.com.br\/v1\/wp-json\/wp\/v2\/users\/992"}],"replies":[{"embeddable":true,"href":"https:\/\/www.politicosdosuldabahia.com.br\/v1\/wp-json\/wp\/v2\/comments?post=158114"}],"version-history":[{"count":1,"href":"https:\/\/www.politicosdosuldabahia.com.br\/v1\/wp-json\/wp\/v2\/posts\/158114\/revisions"}],"predecessor-version":[{"id":158115,"href":"https:\/\/www.politicosdosuldabahia.com.br\/v1\/wp-json\/wp\/v2\/posts\/158114\/revisions\/158115"}],"wp:attachment":[{"href":"https:\/\/www.politicosdosuldabahia.com.br\/v1\/wp-json\/wp\/v2\/media?parent=158114"}],"wp:term":[{"taxonomy":"category","embeddable":true,"href":"https:\/\/www.politicosdosuldabahia.com.br\/v1\/wp-json\/wp\/v2\/categories?post=158114"},{"taxonomy":"post_tag","embeddable":true,"href":"https:\/\/www.politicosdosuldabahia.com.br\/v1\/wp-json\/wp\/v2\/tags?post=158114"}],"curies":[{"name":"wp","href":"https:\/\/api.w.org\/{rel}","templated":true}]}}