
{"id":158043,"date":"2022-01-07T16:13:03","date_gmt":"2022-01-07T19:13:03","guid":{"rendered":"http:\/\/www.politicosdosuldabahia.com.br\/v1\/?p=158043"},"modified":"2022-01-07T17:03:11","modified_gmt":"2022-01-07T20:03:11","slug":"cima-jussari-e-ibirapitanga-iniciam-2022-com-atencao-voltada-para-projeto-ambiental-produtores-de-agua","status":"publish","type":"post","link":"https:\/\/www.politicosdosuldabahia.com.br\/v1\/2022\/01\/07\/cima-jussari-e-ibirapitanga-iniciam-2022-com-atencao-voltada-para-projeto-ambiental-produtores-de-agua\/","title":{"rendered":"CIMA, JUSSARI E IBIRAPITANGA INICIAM 2022 COM ATEN\u00c7\u00c3O VOLTADA PARA PROJETO AMBIENTAL PRODUTORES DE \u00c1GUA"},"content":{"rendered":"<h3 style=\"text-align: justify;\"><img loading=\"lazy\" decoding=\"async\" class=\"wp-image-158044 aligncenter\" src=\"http:\/\/www.politicosdosuldabahia.com.br\/v1\/wp-content\/uploads\/2022\/01\/WhatsApp-Image-2022-01-07-at-12.53.17.jpeg\" alt=\"WhatsApp Image 2022-01-07 at 12.53.17\" width=\"455\" height=\"278\" srcset=\"https:\/\/www.politicosdosuldabahia.com.br\/v1\/wp-content\/uploads\/2022\/01\/WhatsApp-Image-2022-01-07-at-12.53.17.jpeg 1080w, https:\/\/www.politicosdosuldabahia.com.br\/v1\/wp-content\/uploads\/2022\/01\/WhatsApp-Image-2022-01-07-at-12.53.17-300x184.jpeg 300w, https:\/\/www.politicosdosuldabahia.com.br\/v1\/wp-content\/uploads\/2022\/01\/WhatsApp-Image-2022-01-07-at-12.53.17-768x470.jpeg 768w, https:\/\/www.politicosdosuldabahia.com.br\/v1\/wp-content\/uploads\/2022\/01\/WhatsApp-Image-2022-01-07-at-12.53.17-1024x627.jpeg 1024w\" sizes=\"(max-width: 455px) 100vw, 455px\" \/><\/h3>\n<p>Os \u00faltimos dias tem sido dif\u00edceis para a regi\u00e3o sul baiana, por conta do advento dos efeitos da enchentes ocorridos no final do ano de 2021, o Presidente do Cons\u00f3rcio Intermunicipal da Mata Atl\u00e2ntica (CIMA) e Prefeito de Jussari Ant\u00f4nio Bandeira Valete, convidou em car\u00e1ter de emerg\u00eancia a equipe t\u00e9cnica do Projeto Produtores de \u00c1guas do munic\u00edpio de Ibirapitanga. O projeto \u00e9 um dos maiores cases de sucesso em gest\u00e3o ambiental do Brasil, unindo sociedade, produtores rurais, gest\u00e3o p\u00fablica e institui\u00e7\u00f5es n\u00e3o governamentais em um modelo s\u00f3lido de conserva\u00e7\u00e3o do meio ambiente e pagamento por servi\u00e7os ambientais.<\/p>\n<p>Estiveram presentes na reuni\u00e3o DIDI, Secret\u00e1rio de Agricultura de Ibiirapitanga, Iago engenheiro ambiental e coordenador do Projeto Produtores de \u00c1gua e Luciano l\u00edder da comunidade agr\u00edcola de Dois Riach\u00f5es.<\/p>\n<h3 style=\"text-align: justify;\">O Presidente do CIMA Ant\u00f4nio Valete determinou que fosse instalado em car\u00e1ter de urg\u00eancia o comit\u00ea gestor com destina\u00e7\u00e3o na previs\u00e3o or\u00e7amentaria duzentos mil reais a serem investidos nos pr\u00f3ximos tr\u00eas anos, no munic\u00edpio de Jussari, visando a recupera\u00e7\u00e3o de nascentes, recupera\u00e7\u00e3o de matas ciliares e redu\u00e7\u00e3o do desmatamento.<br \/>\nPara o Prefeito Valete a natureza devolve aquilo que fazemos com ela \u201cn\u00e3o podemos negligenciar o desmatamento, poluir os rios e colocarmos a culpa das cat\u00e1strofes ambientais apenas como sendo eventos naturais, sabemos que a a\u00e7\u00e3o do homem tem transformado negativamente o meio ambiente, vivemos a seca extrema em algumas regi\u00f5es, chuvas intensas em outras, acompanhamos constantemente not\u00edcias sobre o aquecimento global e sobre as mudan\u00e7as clim\u00e1ticas e precisamos fazer a nossa parte\u201d, ressaltou Valete.<\/h3>\n<h3 style=\"text-align: justify;\">O Secret\u00e1rio Didi informou ao prefeito que um dos pontos fortes do Projeto Produtores de \u00c1gua \u00e9 o financiamento de melhorias das estradas financiado pela ANA \u2013 Ag\u00eancia Nacional da \u00c1gua, que dever\u00e1 contribuir para ajudar na reconstru\u00e7\u00e3o das \u00e1reas afetadas pelas cheias na zona rural.<\/h3>\n<h3 style=\"text-align: justify;\">Um encontro virtual com a Senhora Maria Eug\u00eania representante da Ag\u00eancia Nacional das \u00c1guas (ANA), foi realizado com o objetivo de buscar formas de capta\u00e7\u00e3o de recursos no \u00e2mbito nacional e internacional para investimentos em preserva\u00e7\u00e3o e recupera\u00e7\u00e3o do meio ambiente.<\/h3>\n<h3 style=\"text-align: justify;\">Um fechamento de agenda para Bras\u00edlia, Santa Catarina e Salvador est\u00e3o previstas ainda no m\u00eas de janeiro, tendo como pauta as quest\u00f5es ambientais com foco na reconstru\u00e7\u00e3o das \u00e1reas atingidas pelas cheias.<\/h3>\n","protected":false},"excerpt":{"rendered":"<p>Os \u00faltimos dias tem sido dif\u00edceis para a regi\u00e3o sul baiana, por conta do advento dos efeitos da enchentes ocorridos no final do ano de 2021, o Presidente do Cons\u00f3rcio Intermunicipal da Mata Atl\u00e2ntica (CIMA) e Prefeito de Jussari Ant\u00f4nio Bandeira Valete, convidou em car\u00e1ter de emerg\u00eancia a equipe t\u00e9cnica do Projeto Produtores de \u00c1guas [&hellip;]<\/p>\n","protected":false},"author":992,"featured_media":0,"comment_status":"open","ping_status":"open","sticky":false,"template":"","format":"standard","meta":{"footnotes":"","_links_to":"","_links_to_target":""},"categories":[14],"tags":[],"class_list":["post-158043","post","type-post","status-publish","format-standard","hentry","category-bahia-geral"],"views":818,"_links":{"self":[{"href":"https:\/\/www.politicosdosuldabahia.com.br\/v1\/wp-json\/wp\/v2\/posts\/158043"}],"collection":[{"href":"https:\/\/www.politicosdosuldabahia.com.br\/v1\/wp-json\/wp\/v2\/posts"}],"about":[{"href":"https:\/\/www.politicosdosuldabahia.com.br\/v1\/wp-json\/wp\/v2\/types\/post"}],"author":[{"embeddable":true,"href":"https:\/\/www.politicosdosuldabahia.com.br\/v1\/wp-json\/wp\/v2\/users\/992"}],"replies":[{"embeddable":true,"href":"https:\/\/www.politicosdosuldabahia.com.br\/v1\/wp-json\/wp\/v2\/comments?post=158043"}],"version-history":[{"count":2,"href":"https:\/\/www.politicosdosuldabahia.com.br\/v1\/wp-json\/wp\/v2\/posts\/158043\/revisions"}],"predecessor-version":[{"id":158052,"href":"https:\/\/www.politicosdosuldabahia.com.br\/v1\/wp-json\/wp\/v2\/posts\/158043\/revisions\/158052"}],"wp:attachment":[{"href":"https:\/\/www.politicosdosuldabahia.com.br\/v1\/wp-json\/wp\/v2\/media?parent=158043"}],"wp:term":[{"taxonomy":"category","embeddable":true,"href":"https:\/\/www.politicosdosuldabahia.com.br\/v1\/wp-json\/wp\/v2\/categories?post=158043"},{"taxonomy":"post_tag","embeddable":true,"href":"https:\/\/www.politicosdosuldabahia.com.br\/v1\/wp-json\/wp\/v2\/tags?post=158043"}],"curies":[{"name":"wp","href":"https:\/\/api.w.org\/{rel}","templated":true}]}}