
{"id":157992,"date":"2022-01-06T18:54:11","date_gmt":"2022-01-06T21:54:11","guid":{"rendered":"http:\/\/www.politicosdosuldabahia.com.br\/v1\/?p=157992"},"modified":"2022-01-06T18:54:11","modified_gmt":"2022-01-06T21:54:11","slug":"440-colchoes-enviados-pelo-governo-do-estado-da-bahia-serao-distribuidos-em-itabuna-ibicarai-e-ibucui","status":"publish","type":"post","link":"https:\/\/www.politicosdosuldabahia.com.br\/v1\/2022\/01\/06\/440-colchoes-enviados-pelo-governo-do-estado-da-bahia-serao-distribuidos-em-itabuna-ibicarai-e-ibucui\/","title":{"rendered":"440 COLCH\u00d5ES ENVIADOS PELO GOVERNO DO ESTADO DA BAHIA SER\u00c3O DISTRIBU\u00cdDOS EM ITABUNA, IBICARA\u00cd E IBUCU\u00cd"},"content":{"rendered":"<h4 style=\"text-align: center\"><strong><img loading=\"lazy\" decoding=\"async\" class=\"alignnone size-full wp-image-157993\" src=\"http:\/\/www.politicosdosuldabahia.com.br\/v1\/wp-content\/uploads\/2022\/01\/WhatsApp-Image-2022-01-06-at-13.26.02.jpeg\" alt=\"WhatsApp Image 2022-01-06 at 13.26.02\" width=\"455\" height=\"340\" srcset=\"https:\/\/www.politicosdosuldabahia.com.br\/v1\/wp-content\/uploads\/2022\/01\/WhatsApp-Image-2022-01-06-at-13.26.02.jpeg 455w, https:\/\/www.politicosdosuldabahia.com.br\/v1\/wp-content\/uploads\/2022\/01\/WhatsApp-Image-2022-01-06-at-13.26.02-300x224.jpeg 300w, https:\/\/www.politicosdosuldabahia.com.br\/v1\/wp-content\/uploads\/2022\/01\/WhatsApp-Image-2022-01-06-at-13.26.02-400x300.jpeg 400w\" sizes=\"(max-width: 455px) 100vw, 455px\" \/>\u00a0<\/strong><\/h4>\n<h4 style=\"text-align: center\"><strong>Material foi entregue \u00e0s\u00a0 prefeituras dos tr\u00eas munic\u00edpios, na manh\u00e3 desta quinta-feira (6).<\/strong><\/h4>\n<h3 style=\"text-align: justify\">Os moradores de Ibicara\u00ed, Itabuna e Ibicu\u00ed\u00a0 v\u00e3o receber juntos\u00a0 440 colch\u00f5es, adquiridos pelo governo da Bahia e distribu\u00eddos\u00a0 pela Base de Apoio Log\u00edstico\u00a0 de Itabuna, na manh\u00e3\u00a0 desta quinta-feira\u00a0 (6). O material \u00e9 destinados \u00e0s\u00a0 fam\u00edlias afetadas pelas fortes chuvas ocorridas no final do ano passado.<\/h3>\n<h3 style=\"text-align: justify\">\nNo munic\u00edpio\u00a0 de Ibicara\u00ed, 50 colch\u00f5es de casal, 50 caixas de leite e 50 cestas compostas por produtos doados pela Nestl\u00e9 e colaboradores foram deixadas por bombeiros da\u00a0 BAL\/Itabuna.<\/h3>\n<h3 style=\"text-align: justify\">\nAs entregas foram dividas em duas etapas. As cestas foram entregues na localidade da Salomea. J\u00e1 os colch\u00f5es e as caixas de leite l\u00edquido foram deixados no Col\u00e9gio \u00c2ngelo Magalh\u00e3es, local utilizado para a distribui\u00e7\u00e3o de itens\u00a0 para apoio as fam\u00edlias afetadas pelas enchentes. Para a entrega foram mobilizadas equipes do Corpo de Bombeiros e soldados do Ex\u00e9rcito Brasileiro.<\/h3>\n<h3 style=\"text-align: justify\">\nJ\u00e1 as prefeituras de Itabuna e de Ibicu\u00ed fizeram as retiradas dos 200 e 190 colch\u00f5es, respectivamente, na unidade dos bombeiros para distribui\u00e7\u00e3o \u00e0s fam\u00edlias cadastradas.<\/h3>\n<h3 style=\"text-align: justify\">\nOs itens foram adquiridos pelo Governo do Estado, por meio da Superintend\u00eancia de Defesa Civil (Sudec). J\u00e1\u00a0 os produtos aliment\u00edcios s\u00e3o fruto de doa\u00e7\u00f5es de pessoas e empresas, segundo informou o coordenador da instala\u00e7\u00e3o, major BM Luciano Alves.<\/h3>\n<h3 style=\"text-align: justify\">\n&#8220;As demandas n\u00e3o param. Estamos atentos \u00e0s necessidades apresentadas\u00a0 e fazendo o poss\u00edvel para atender a todas elas, porque o preju\u00edzo \u00e0s fam\u00edlias foi muito grande\u00a0 na regi\u00e3o.\u00a0 Continuamos com\u00a0 a mega opera\u00e7\u00e3o log\u00edstica pra fazer com que chegue alimentos e as\u00a0 demais doa\u00e7\u00f5es a todos os atingidos&#8221;, continuou.<\/h3>\n","protected":false},"excerpt":{"rendered":"<p>\u00a0 Material foi entregue \u00e0s\u00a0 prefeituras dos tr\u00eas munic\u00edpios, na manh\u00e3 desta quinta-feira (6). Os moradores de Ibicara\u00ed, Itabuna e Ibicu\u00ed\u00a0 v\u00e3o receber juntos\u00a0 440 colch\u00f5es, adquiridos pelo governo da Bahia e distribu\u00eddos\u00a0 pela Base de Apoio Log\u00edstico\u00a0 de Itabuna, na manh\u00e3\u00a0 desta quinta-feira\u00a0 (6). O material \u00e9 destinados \u00e0s\u00a0 fam\u00edlias afetadas pelas fortes chuvas [&hellip;]<\/p>\n","protected":false},"author":992,"featured_media":0,"comment_status":"open","ping_status":"open","sticky":false,"template":"","format":"standard","meta":{"footnotes":"","_links_to":"","_links_to_target":""},"categories":[14],"tags":[],"class_list":["post-157992","post","type-post","status-publish","format-standard","hentry","category-bahia-geral"],"views":646,"_links":{"self":[{"href":"https:\/\/www.politicosdosuldabahia.com.br\/v1\/wp-json\/wp\/v2\/posts\/157992"}],"collection":[{"href":"https:\/\/www.politicosdosuldabahia.com.br\/v1\/wp-json\/wp\/v2\/posts"}],"about":[{"href":"https:\/\/www.politicosdosuldabahia.com.br\/v1\/wp-json\/wp\/v2\/types\/post"}],"author":[{"embeddable":true,"href":"https:\/\/www.politicosdosuldabahia.com.br\/v1\/wp-json\/wp\/v2\/users\/992"}],"replies":[{"embeddable":true,"href":"https:\/\/www.politicosdosuldabahia.com.br\/v1\/wp-json\/wp\/v2\/comments?post=157992"}],"version-history":[{"count":1,"href":"https:\/\/www.politicosdosuldabahia.com.br\/v1\/wp-json\/wp\/v2\/posts\/157992\/revisions"}],"predecessor-version":[{"id":157994,"href":"https:\/\/www.politicosdosuldabahia.com.br\/v1\/wp-json\/wp\/v2\/posts\/157992\/revisions\/157994"}],"wp:attachment":[{"href":"https:\/\/www.politicosdosuldabahia.com.br\/v1\/wp-json\/wp\/v2\/media?parent=157992"}],"wp:term":[{"taxonomy":"category","embeddable":true,"href":"https:\/\/www.politicosdosuldabahia.com.br\/v1\/wp-json\/wp\/v2\/categories?post=157992"},{"taxonomy":"post_tag","embeddable":true,"href":"https:\/\/www.politicosdosuldabahia.com.br\/v1\/wp-json\/wp\/v2\/tags?post=157992"}],"curies":[{"name":"wp","href":"https:\/\/api.w.org\/{rel}","templated":true}]}}