
{"id":157809,"date":"2022-01-03T16:11:31","date_gmt":"2022-01-03T19:11:31","guid":{"rendered":"http:\/\/www.politicosdosuldabahia.com.br\/v1\/?p=157809"},"modified":"2022-01-03T16:11:31","modified_gmt":"2022-01-03T19:11:31","slug":"medida-muito-importante-diz-sandro-regis-sobre-destinacao-de-r126-milhoes-em-emendas-para-o-sul-e-sudoeste-da-bahia","status":"publish","type":"post","link":"https:\/\/www.politicosdosuldabahia.com.br\/v1\/2022\/01\/03\/medida-muito-importante-diz-sandro-regis-sobre-destinacao-de-r126-milhoes-em-emendas-para-o-sul-e-sudoeste-da-bahia\/","title":{"rendered":"&#8220;MEDIDA MUITO IMPORTANTE&#8221;, DIZ SANDRO REGIS SOBRE DESTINA\u00c7\u00c3O DE R$12,6 MILH\u00d5ES EM EMENDAS PARA O SUL E SUDOESTE DA BAHIA"},"content":{"rendered":"<h3 style=\"text-align: justify\"><img loading=\"lazy\" decoding=\"async\" class=\"size-full wp-image-157810 aligncenter\" src=\"http:\/\/www.politicosdosuldabahia.com.br\/v1\/wp-content\/uploads\/2022\/01\/WhatsApp-Image-2022-01-03-at-15.04.54.jpeg\" alt=\"WhatsApp Image 2022-01-03 at 15.04.54\" width=\"455\" height=\"455\" srcset=\"https:\/\/www.politicosdosuldabahia.com.br\/v1\/wp-content\/uploads\/2022\/01\/WhatsApp-Image-2022-01-03-at-15.04.54.jpeg 455w, https:\/\/www.politicosdosuldabahia.com.br\/v1\/wp-content\/uploads\/2022\/01\/WhatsApp-Image-2022-01-03-at-15.04.54-150x150.jpeg 150w, https:\/\/www.politicosdosuldabahia.com.br\/v1\/wp-content\/uploads\/2022\/01\/WhatsApp-Image-2022-01-03-at-15.04.54-300x300.jpeg 300w\" sizes=\"(max-width: 455px) 100vw, 455px\" \/><\/h3>\n<h3 style=\"text-align: justify\">O deputado estadual Sandro R\u00e9gis, l\u00edder da oposi\u00e7\u00e3o a Assembleia Legislativa da Bahia (ALBA), classificou como &#8220;muito importante&#8221; a medida adotada pela Casa de destinar quase R$ 13 milh\u00f5es das emendas impositivas para ajudar nas a\u00e7\u00f5es no Sul e Sudoeste da Bahia, que est\u00e3o enfrentando graves problemas em fun\u00e7\u00e3o das fortes chuvas.<\/h3>\n<h3 style=\"text-align: justify\">Como l\u00edder da oposi\u00e7\u00e3o, R\u00e9gis foi um dos articuladores para que os recursos fossem destinados \u00e0s regi\u00f5es. &#8220;Muito importante esta medida adotada pela ALBA de destinar quase R$ 13 milh\u00f5es das emendas impositivas para ajudar nas a\u00e7\u00f5es no Sul e Sudoeste da Bahia, que est\u00e3o sendo duramente atingidos pelas chuvas. Estes recursos v\u00e3o dar uma contribui\u00e7\u00e3o fundamental para minimizar o sofrimento das pessoas&#8221;, afirmou.<\/h3>\n<h3 style=\"text-align: justify\">&#8220;Como l\u00edder da oposi\u00e7\u00e3o, trabalhei desde o princ\u00edpio para que esta medida fosse adotada. Procurei todos os deputados da nossa bancada, que prontamente se sensibilizaram. Agrade\u00e7o demais ao presidente Adolfo Menezes e todos os parlamentares baianos. Juntos, vamos superar este momento de dificuldade&#8221;, acrescentou.<\/h3>\n<h3 style=\"text-align: justify\">Devido \u00e0s fortes chuvas, \u00e0s regi\u00f5es enfrentam problemas com alagamentos, deslizamentos, casas destru\u00eddas e milhares de pessoas desabrigadas, al\u00e9m de mortes causadas pelos temporais. Algumas regi\u00f5es est\u00e3o ilhadas, enquanto outras sofrem com a falta de mantimentos.<\/h3>\n","protected":false},"excerpt":{"rendered":"<p>O deputado estadual Sandro R\u00e9gis, l\u00edder da oposi\u00e7\u00e3o a Assembleia Legislativa da Bahia (ALBA), classificou como &#8220;muito importante&#8221; a medida adotada pela Casa de destinar quase R$ 13 milh\u00f5es das emendas impositivas para ajudar nas a\u00e7\u00f5es no Sul e Sudoeste da Bahia, que est\u00e3o enfrentando graves problemas em fun\u00e7\u00e3o das fortes chuvas. Como l\u00edder da [&hellip;]<\/p>\n","protected":false},"author":992,"featured_media":0,"comment_status":"open","ping_status":"open","sticky":false,"template":"","format":"standard","meta":{"footnotes":"","_links_to":"","_links_to_target":""},"categories":[14],"tags":[],"class_list":["post-157809","post","type-post","status-publish","format-standard","hentry","category-bahia-geral"],"views":612,"_links":{"self":[{"href":"https:\/\/www.politicosdosuldabahia.com.br\/v1\/wp-json\/wp\/v2\/posts\/157809"}],"collection":[{"href":"https:\/\/www.politicosdosuldabahia.com.br\/v1\/wp-json\/wp\/v2\/posts"}],"about":[{"href":"https:\/\/www.politicosdosuldabahia.com.br\/v1\/wp-json\/wp\/v2\/types\/post"}],"author":[{"embeddable":true,"href":"https:\/\/www.politicosdosuldabahia.com.br\/v1\/wp-json\/wp\/v2\/users\/992"}],"replies":[{"embeddable":true,"href":"https:\/\/www.politicosdosuldabahia.com.br\/v1\/wp-json\/wp\/v2\/comments?post=157809"}],"version-history":[{"count":1,"href":"https:\/\/www.politicosdosuldabahia.com.br\/v1\/wp-json\/wp\/v2\/posts\/157809\/revisions"}],"predecessor-version":[{"id":157811,"href":"https:\/\/www.politicosdosuldabahia.com.br\/v1\/wp-json\/wp\/v2\/posts\/157809\/revisions\/157811"}],"wp:attachment":[{"href":"https:\/\/www.politicosdosuldabahia.com.br\/v1\/wp-json\/wp\/v2\/media?parent=157809"}],"wp:term":[{"taxonomy":"category","embeddable":true,"href":"https:\/\/www.politicosdosuldabahia.com.br\/v1\/wp-json\/wp\/v2\/categories?post=157809"},{"taxonomy":"post_tag","embeddable":true,"href":"https:\/\/www.politicosdosuldabahia.com.br\/v1\/wp-json\/wp\/v2\/tags?post=157809"}],"curies":[{"name":"wp","href":"https:\/\/api.w.org\/{rel}","templated":true}]}}