
{"id":157729,"date":"2021-12-30T17:19:15","date_gmt":"2021-12-30T20:19:15","guid":{"rendered":"http:\/\/www.politicosdosuldabahia.com.br\/v1\/?p=157729"},"modified":"2021-12-30T17:22:36","modified_gmt":"2021-12-30T20:22:36","slug":"municipios-sao-orientados-sobre-credito-para-comerciantes-e-prestadores-de-servicos-atingidos-pela-enchente","status":"publish","type":"post","link":"https:\/\/www.politicosdosuldabahia.com.br\/v1\/2021\/12\/30\/municipios-sao-orientados-sobre-credito-para-comerciantes-e-prestadores-de-servicos-atingidos-pela-enchente\/","title":{"rendered":"MUNIC\u00cdPIOS S\u00c3O ORIENTADOS SOBRE CR\u00c9DITO PARA COMERCIANTES E PRESTADORES DE SERVI\u00c7OS ATINGIDOS PELA ENCHENTE"},"content":{"rendered":"<h3 style=\"text-align: justify\"><img loading=\"lazy\" decoding=\"async\" class=\"wp-image-157730 aligncenter\" src=\"http:\/\/www.politicosdosuldabahia.com.br\/v1\/wp-content\/uploads\/2021\/12\/WhatsApp-Image-2021-12-30-at-16.37.12.jpeg\" alt=\"WhatsApp Image 2021-12-30 at 16.37.12\" width=\"455\" height=\"256\" srcset=\"https:\/\/www.politicosdosuldabahia.com.br\/v1\/wp-content\/uploads\/2021\/12\/WhatsApp-Image-2021-12-30-at-16.37.12.jpeg 1280w, https:\/\/www.politicosdosuldabahia.com.br\/v1\/wp-content\/uploads\/2021\/12\/WhatsApp-Image-2021-12-30-at-16.37.12-300x169.jpeg 300w, https:\/\/www.politicosdosuldabahia.com.br\/v1\/wp-content\/uploads\/2021\/12\/WhatsApp-Image-2021-12-30-at-16.37.12-768x431.jpeg 768w, https:\/\/www.politicosdosuldabahia.com.br\/v1\/wp-content\/uploads\/2021\/12\/WhatsApp-Image-2021-12-30-at-16.37.12-1024x575.jpeg 1024w\" sizes=\"(max-width: 455px) 100vw, 455px\" \/><\/h3>\n<h3 style=\"text-align: justify\">Diante das fortes chuvas ocorridas nos munic\u00edpios e o grande preju\u00edzo causado ao com\u00e9rcio em geral, o Governo do Estado da Bahia, atrav\u00e9s Ag\u00eancia de Fomento do Estado da Bahia (Desenbahia) estar\u00e1 disponibilizando uma linha de cr\u00e9dito especial para comerciantes e prestadores de servi\u00e7os, inclusive informais. Nesta quinta-feira, 30, prefeitos e secret\u00e1rios foram orientados sobre o assunto.<\/h3>\n<h3 style=\"text-align: justify\">Durante a reuni\u00e3o virtual, o Secret\u00e1rio de Trabalho, Emprego, Renda e Esportes, Davidson Magalh\u00e3es, declarou que o cr\u00e9dito j\u00e1 \u00e9 aprovado pela Assembleia Legislativa e tem o objetivo de minimizar a situa\u00e7\u00e3o dos comerciantes e prestadores de servi\u00e7os que tiveram seus estabelecimentos e mercadorias atingidos pela enchente.<\/h3>\n<h3 style=\"text-align: justify\">Para garantir que esse recurso chegue at\u00e9 essas pessoas, as prefeituras precisam enviar o termo de coopera\u00e7\u00e3o com a Desenbahia assinado, al\u00e9m de indicar duas pessoas que ser\u00e3o treinadas para avaliar a proposta de cr\u00e9dito junto aos empreendedores.<\/h3>\n<h3 style=\"text-align: justify\">Os munic\u00edpios que j\u00e1 est\u00e3o com decreto homologado e n\u00e3o receberam o Termo de Coopera\u00e7\u00e3o, devem entrar em contato atrav\u00e9s do telefone (71) 3103-1058. J\u00e1 para aqueles que t\u00eam o termo assinado, enviar para o e-mail: pre@desenbahia.ba.gov.br<\/h3>\n<h3 style=\"text-align: justify\">O prefeito de Jussari e presidente do Cons\u00f3rcio da Mata Atl\u00e2ntica, Ant\u00f4nio Valete, representou o presidente da Amurc, Marcone Amaral e destacou que j\u00e1 assinou o termo de coopera\u00e7\u00e3o. O prefeito de Camacan, Paulo do G\u00e1s, parabenizou a iniciativa do Desenbahia e se solidarizou junto aos prefeitos sobre as fortes chuvas na regi\u00e3o.<\/h3>\n<h3 style=\"text-align: justify\">Capacita\u00e7\u00e3o<\/h3>\n<h3 style=\"text-align: justify\">Uma reuni\u00e3o virtual para capacita\u00e7\u00e3o dos servidores indicados j\u00e1 vai acontecer na pr\u00f3xima ter\u00e7a-feira, 4, com a participa\u00e7\u00e3o de 2 representantes da Defesa Civil do munic\u00edpio.<\/h3>\n","protected":false},"excerpt":{"rendered":"<p>Diante das fortes chuvas ocorridas nos munic\u00edpios e o grande preju\u00edzo causado ao com\u00e9rcio em geral, o Governo do Estado da Bahia, atrav\u00e9s Ag\u00eancia de Fomento do Estado da Bahia (Desenbahia) estar\u00e1 disponibilizando uma linha de cr\u00e9dito especial para comerciantes e prestadores de servi\u00e7os, inclusive informais. Nesta quinta-feira, 30, prefeitos e secret\u00e1rios foram orientados sobre [&hellip;]<\/p>\n","protected":false},"author":992,"featured_media":0,"comment_status":"open","ping_status":"open","sticky":false,"template":"","format":"standard","meta":{"footnotes":"","_links_to":"","_links_to_target":""},"categories":[14],"tags":[],"class_list":["post-157729","post","type-post","status-publish","format-standard","hentry","category-bahia-geral"],"views":778,"_links":{"self":[{"href":"https:\/\/www.politicosdosuldabahia.com.br\/v1\/wp-json\/wp\/v2\/posts\/157729"}],"collection":[{"href":"https:\/\/www.politicosdosuldabahia.com.br\/v1\/wp-json\/wp\/v2\/posts"}],"about":[{"href":"https:\/\/www.politicosdosuldabahia.com.br\/v1\/wp-json\/wp\/v2\/types\/post"}],"author":[{"embeddable":true,"href":"https:\/\/www.politicosdosuldabahia.com.br\/v1\/wp-json\/wp\/v2\/users\/992"}],"replies":[{"embeddable":true,"href":"https:\/\/www.politicosdosuldabahia.com.br\/v1\/wp-json\/wp\/v2\/comments?post=157729"}],"version-history":[{"count":2,"href":"https:\/\/www.politicosdosuldabahia.com.br\/v1\/wp-json\/wp\/v2\/posts\/157729\/revisions"}],"predecessor-version":[{"id":157732,"href":"https:\/\/www.politicosdosuldabahia.com.br\/v1\/wp-json\/wp\/v2\/posts\/157729\/revisions\/157732"}],"wp:attachment":[{"href":"https:\/\/www.politicosdosuldabahia.com.br\/v1\/wp-json\/wp\/v2\/media?parent=157729"}],"wp:term":[{"taxonomy":"category","embeddable":true,"href":"https:\/\/www.politicosdosuldabahia.com.br\/v1\/wp-json\/wp\/v2\/categories?post=157729"},{"taxonomy":"post_tag","embeddable":true,"href":"https:\/\/www.politicosdosuldabahia.com.br\/v1\/wp-json\/wp\/v2\/tags?post=157729"}],"curies":[{"name":"wp","href":"https:\/\/api.w.org\/{rel}","templated":true}]}}