
{"id":156676,"date":"2021-12-03T14:04:05","date_gmt":"2021-12-03T17:04:05","guid":{"rendered":"http:\/\/www.politicosdosuldabahia.com.br\/v1\/?p=156676"},"modified":"2021-12-03T14:04:05","modified_gmt":"2021-12-03T17:04:05","slug":"simbolo-de-integracao-ponte-entre-barra-e-xique-xique-e-inaugurada-pelo-governado-rui-costa","status":"publish","type":"post","link":"https:\/\/www.politicosdosuldabahia.com.br\/v1\/2021\/12\/03\/simbolo-de-integracao-ponte-entre-barra-e-xique-xique-e-inaugurada-pelo-governado-rui-costa\/","title":{"rendered":"S\u00cdMBOLO DE INTEGRA\u00c7\u00c3O, PONTE ENTRE BARRA E XIQUE-XIQUE \u00c9 INAUGURADA PELO GOVERNADO RUI COSTA"},"content":{"rendered":"<h3 style=\"text-align: justify\"><img loading=\"lazy\" decoding=\"async\" class=\"wp-image-156677 aligncenter\" src=\"http:\/\/www.politicosdosuldabahia.com.br\/v1\/wp-content\/uploads\/2021\/12\/WhatsApp-Image-2021-12-03-at-13.42.40.jpeg\" alt=\"WhatsApp Image 2021-12-03 at 13.42.40\" width=\"455\" height=\"310\" srcset=\"https:\/\/www.politicosdosuldabahia.com.br\/v1\/wp-content\/uploads\/2021\/12\/WhatsApp-Image-2021-12-03-at-13.42.40.jpeg 1280w, https:\/\/www.politicosdosuldabahia.com.br\/v1\/wp-content\/uploads\/2021\/12\/WhatsApp-Image-2021-12-03-at-13.42.40-300x205.jpeg 300w, https:\/\/www.politicosdosuldabahia.com.br\/v1\/wp-content\/uploads\/2021\/12\/WhatsApp-Image-2021-12-03-at-13.42.40-768x524.jpeg 768w, https:\/\/www.politicosdosuldabahia.com.br\/v1\/wp-content\/uploads\/2021\/12\/WhatsApp-Image-2021-12-03-at-13.42.40-1024x698.jpeg 1024w\" sizes=\"(max-width: 455px) 100vw, 455px\" \/><\/h3>\n<h3 style=\"text-align: justify\">Encurtar dist\u00e2ncias, acelerar o desenvolvimento e fazer da Bahia um estado cada vez mais integrado. Estas s\u00e3o algumas das miss\u00f5es sendo cumpridas, a partir de agora, pela Ponte Barra &#8211; Xique-Xique. Com seus mais de mil metros de extens\u00e3o sobre o Rio S\u00e3o Francisco, a obra foi inaugurada nesta sexta-feira (3), pelo governador Rui Costa, e transforma, definitivamente, o cen\u00e1rio na liga\u00e7\u00e3o entre o oeste e o centro-norte do estado, beneficiando diretamente cerca de 2,5 milh\u00f5es de baianos.<\/h3>\n<h3 style=\"text-align: justify\">At\u00e9 a chegada da ponte, balsas e barcos cumpriam o dever de transportar ve\u00edculos e pessoas entre os dois lados do rio, percurso que, considerando o tempo de espera, poderia durar mais de 1 hora. Essa realidade se torna passado com a chegada da obra estruturante na qual o Governo do Estado investiu R$ 133 milh\u00f5es.<\/h3>\n<h3 style=\"text-align: justify\">&#8220;Essa ponte n\u00e3o \u00e9 apenas uma obra de concreto. \u00c9 uma importante liga\u00e7\u00e3o entre duas regi\u00f5es com forte voca\u00e7\u00e3o agr\u00edcola, que s\u00e3o o Oeste e a regi\u00e3o de Irec\u00ea. Tamb\u00e9m estamos integrando essas duas regi\u00f5es com o norte da Bahia. Presenciaremos, no futuro breve, o impacto econ\u00f4mico dessa obra no desenvolvimento dessa regi\u00e3o. \u00c9 um momento de alegria, investimentos que transformam a atividade econ\u00f4mica e transformam a vida das pessoas&#8221;, explicou o governador, ap\u00f3s inaugurar, oficialmente, o equipamento.<\/h3>\n<h3 style=\"text-align: justify\">Para o vice-governador Jo\u00e3o Le\u00e3o, tamb\u00e9m presente no evento, &#8220;essa obra representa muita coisa boa e um futuro muito grande. Est\u00e3o construindo aqui na regi\u00e3o usinas de a\u00e7\u00facar, grandes projetos de irriga\u00e7\u00e3o, e ainda vir\u00e3o muitas obras que v\u00e3o se complementar com essa ponte&#8221;, complementou.<\/h3>\n<h3 style=\"text-align: justify\">Al\u00e9m da ponte, outras obras de melhorias foram realizadas na BA-160, integrante do Sistema Vi\u00e1rio BA-052, como restaura\u00e7\u00e3o de 28 quil\u00f4metros, implanta\u00e7\u00e3o de baias de emerg\u00eancia e pontos de parada de \u00f4nibus, corre\u00e7\u00f5es na geometria da rodovia e melhoria de acessos locais.<\/h3>\n<h3 style=\"text-align: justify\">As interven\u00e7\u00f5es geraram cerca de 350 empregos diretos e 50 indiretos, e s\u00e3o fruto da Parceria P\u00fablico-Privada (PPP) entre a Secretaria de Infraestrutura do Estado (Seinfra) e a Concession\u00e1ria Estrada do Feij\u00e3o (Concef), com a participa\u00e7\u00e3o da Ag\u00eancia Estadual de Regula\u00e7\u00e3o de Servi\u00e7os P\u00fablicos de Energia, Transportes e Comunica\u00e7\u00f5es da Bahia (Agerba) como agente fiscalizador. &#8220;A ponte vai integrar duas regi\u00f5es produtivas na \u00e1rea da agricultura e do agroneg\u00f3cio, permitindo n\u00e3o s\u00f3 a intera\u00e7\u00e3o entre essas regi\u00f5es como o escoamento da safra nos dois sentidos, para o leste e para o oeste da Bahia. Foi um compromisso do Governo do Estado, que entregou uma obra desta magnitude em tempo recorde&#8221;, destacou o secret\u00e1rio estadual de Infraestrutura, Marcus Cavalcanti.<\/h3>\n<h3 style=\"text-align: justify\">Motorista de caminh\u00e3o, Paulo Marques faz, diariamente, a travessia entre Xique-Xique e Barra para fazer entregas da empresa onde trabalha. Saindo da balsa, provavelmente pela \u00faltima vez, ele j\u00e1 fala com expectativa positiva sobre a ponte. &#8220;Com certeza vai ser muito melhor para a gente. Vai mudar 100%. S\u00f3 a demora que a gente esperava para atravessar era demais. Mas agora com essa ponte vai ser tudo de bom&#8221;.<\/h3>\n<h3 style=\"text-align: justify\">O mesmo acontece com a estudante de agronomia Caroline Santos. Morando em Barra, ela faz est\u00e1gio em Irec\u00ea e frequentemente precisava atravessar o rio pela balsa. &#8220;\u00c9 um sonho que est\u00e1 sendo concretizado. Nossa cidade ficou muito tempo atrasada, justamente, por n\u00e3o ter uma ponte como essa. Mas agora \u00e9 uma realidade e estamos muito felizes, tanto a popula\u00e7\u00e3o de Barra como das cidades vizinhas&#8221;, conta a jovem.<\/h3>\n<h3 style=\"text-align: justify\">Al\u00e9m dos prefeitos de Barra, Xique-Xique e de outras cidades da regi\u00e3o, deputados estaduais e federais, os senadores baianos Otto Alencar e Jaques Wagner acompanharam a inaugura\u00e7\u00e3o.<\/h3>\n<h3 style=\"text-align: justify\">Pontes para o futuro<\/h3>\n<h3 style=\"text-align: justify\">Al\u00e9m da mais jovem e rec\u00e9m-inaugurada Ponte Barra &#8211; Xique-Xique, nos \u00faltimos 15 anos, o Governo do Estado investiu na constru\u00e7\u00e3o e recupera\u00e7\u00e3o de uma s\u00e9rie de pontes e passarelas que t\u00eam ajudado a interligar de forma mais r\u00e1pida e segura diferentes cidades e facilitado a vida de seus habitantes. Entre essas se destacam a Ilh\u00e9us-Pontal (2020); ponte sobre o Rio Baetant\u00e3, em S\u00e3o Roque do Paragua\u00e7u (2019); ponte sobre o Rio Itapicuru Mirim, na BA-381, entre Iti\u00faba e Filad\u00e9lfia (2018); ponte sobre o Rio Pratigi, em Ipir\u00e1 (2017) e a ponte sobre o Rio de Ondas, em Barreiras (2013). Em 2010, foi constru\u00edda a passarela Luiz Felipe de Souza Le\u00e3o, que liga S\u00e3o F\u00e9lix do Caribe e Santa Maria da Vit\u00f3ria.<\/h3>\n","protected":false},"excerpt":{"rendered":"<p>Encurtar dist\u00e2ncias, acelerar o desenvolvimento e fazer da Bahia um estado cada vez mais integrado. Estas s\u00e3o algumas das miss\u00f5es sendo cumpridas, a partir de agora, pela Ponte Barra &#8211; Xique-Xique. Com seus mais de mil metros de extens\u00e3o sobre o Rio S\u00e3o Francisco, a obra foi inaugurada nesta sexta-feira (3), pelo governador Rui Costa, [&hellip;]<\/p>\n","protected":false},"author":992,"featured_media":0,"comment_status":"open","ping_status":"open","sticky":false,"template":"","format":"standard","meta":{"footnotes":"","_links_to":"","_links_to_target":""},"categories":[14],"tags":[],"class_list":["post-156676","post","type-post","status-publish","format-standard","hentry","category-bahia-geral"],"views":696,"_links":{"self":[{"href":"https:\/\/www.politicosdosuldabahia.com.br\/v1\/wp-json\/wp\/v2\/posts\/156676"}],"collection":[{"href":"https:\/\/www.politicosdosuldabahia.com.br\/v1\/wp-json\/wp\/v2\/posts"}],"about":[{"href":"https:\/\/www.politicosdosuldabahia.com.br\/v1\/wp-json\/wp\/v2\/types\/post"}],"author":[{"embeddable":true,"href":"https:\/\/www.politicosdosuldabahia.com.br\/v1\/wp-json\/wp\/v2\/users\/992"}],"replies":[{"embeddable":true,"href":"https:\/\/www.politicosdosuldabahia.com.br\/v1\/wp-json\/wp\/v2\/comments?post=156676"}],"version-history":[{"count":1,"href":"https:\/\/www.politicosdosuldabahia.com.br\/v1\/wp-json\/wp\/v2\/posts\/156676\/revisions"}],"predecessor-version":[{"id":156678,"href":"https:\/\/www.politicosdosuldabahia.com.br\/v1\/wp-json\/wp\/v2\/posts\/156676\/revisions\/156678"}],"wp:attachment":[{"href":"https:\/\/www.politicosdosuldabahia.com.br\/v1\/wp-json\/wp\/v2\/media?parent=156676"}],"wp:term":[{"taxonomy":"category","embeddable":true,"href":"https:\/\/www.politicosdosuldabahia.com.br\/v1\/wp-json\/wp\/v2\/categories?post=156676"},{"taxonomy":"post_tag","embeddable":true,"href":"https:\/\/www.politicosdosuldabahia.com.br\/v1\/wp-json\/wp\/v2\/tags?post=156676"}],"curies":[{"name":"wp","href":"https:\/\/api.w.org\/{rel}","templated":true}]}}