
{"id":156385,"date":"2021-11-25T15:37:07","date_gmt":"2021-11-25T18:37:07","guid":{"rendered":"http:\/\/www.politicosdosuldabahia.com.br\/v1\/?p=156385"},"modified":"2021-11-25T15:37:07","modified_gmt":"2021-11-25T18:37:07","slug":"acm-neto-anuncia-criacao-de-nucleos-para-atendimento-cidades-da-bahia","status":"publish","type":"post","link":"https:\/\/www.politicosdosuldabahia.com.br\/v1\/2021\/11\/25\/acm-neto-anuncia-criacao-de-nucleos-para-atendimento-cidades-da-bahia\/","title":{"rendered":"ACM NETO ANUNCIA CRIA\u00c7\u00c3O DE N\u00daCLEOS PARA ATENDIMENTO CIDADES DA BAHIA"},"content":{"rendered":"<h4><img loading=\"lazy\" decoding=\"async\" class=\"wp-image-156386 aligncenter\" src=\"http:\/\/www.politicosdosuldabahia.com.br\/v1\/wp-content\/uploads\/2021\/11\/WhatsApp-Image-2021-11-25-at-14.43.52.jpeg\" alt=\"WhatsApp Image 2021-11-25 at 14.43.52\" width=\"455\" height=\"304\" srcset=\"https:\/\/www.politicosdosuldabahia.com.br\/v1\/wp-content\/uploads\/2021\/11\/WhatsApp-Image-2021-11-25-at-14.43.52.jpeg 1280w, https:\/\/www.politicosdosuldabahia.com.br\/v1\/wp-content\/uploads\/2021\/11\/WhatsApp-Image-2021-11-25-at-14.43.52-300x200.jpeg 300w, https:\/\/www.politicosdosuldabahia.com.br\/v1\/wp-content\/uploads\/2021\/11\/WhatsApp-Image-2021-11-25-at-14.43.52-768x512.jpeg 768w, https:\/\/www.politicosdosuldabahia.com.br\/v1\/wp-content\/uploads\/2021\/11\/WhatsApp-Image-2021-11-25-at-14.43.52-1024x683.jpeg 1024w\" sizes=\"(max-width: 455px) 100vw, 455px\" \/>\u00a0 \u00a0 \u00a0 \u00a0 \u00a0 \u00a0 \u00a0 \u00a0 \u00a0 \u00a0 \u00a0 \u00a0 \u00a0 \u00a0 \u00a0 \u00a0 \u00a0 \u00a0 \u00a0 \u00a0 \u00a0 \u00a0 \u00a0 Foto: Gilberto Jr<\/h4>\n<h3 style=\"text-align: justify\">O presidente nacional do Democratas, ACM Neto, anunciou que pretende criar n\u00facleos do governo estadual para atender as necessidades e demandas do interior da Bahia, caso ven\u00e7a as elei\u00e7\u00f5es no pr\u00f3ximo ano. De acordo com o ex-prefeito de Salvador, a ideia \u00e9 iniciar o planejamento com sedes nas cidades do Oeste e do Extremo Sul do estado.<\/h3>\n<h3 style=\"text-align: justify\">&#8220;A ideia ser\u00e1 desenvolvida ao longo dos pr\u00f3ximos meses, e ser\u00e1 apresentada at\u00e9 o in\u00edcio do ano que vem de forma completa. Teremos, em algumas regi\u00f5es, um bra\u00e7o avan\u00e7ado do governo. Uma presen\u00e7a org\u00e2nica e institucional do governo na regi\u00e3o&#8221;, explicou durante coletiva de imprensa realizada na Associa\u00e7\u00e3o de Agricultores e Irrigantes da Bahia nesta quinta-feira (25), em Barreiras.<\/h3>\n<h3 style=\"text-align: justify\">De acordo com ACM Neto, o conceito ser\u00e1 criado para levar, atrav\u00e9s dos n\u00facleos, servi\u00e7os prestados pelo governo, descentralizando decis\u00f5es, agilizando processos, e atendendo de maneira mais eficiente todas as demandas dos moradores de cada regi\u00e3o.<\/h3>\n<h3 style=\"text-align: justify\">&#8220;Vamos ter uma base. E n\u00e3o \u00e9 s\u00f3 uma base f\u00edsica, mas uma base territorial. Um munic\u00edpio receber\u00e1 a sede desse bra\u00e7o administrativo, mas a estrutura vai responder por todo o territ\u00f3rio&#8221;, pontuou.<\/h3>\n<h3 style=\"text-align: justify\">Neto contou que a inspira\u00e7\u00e3o para o projeto s\u00e3o as Prefeituras-Bairro, implementadas em Salvador durante a gest\u00e3o do ex-prefeito. Para ele, os n\u00facleos servir\u00e3o para solucionar os problemas do dia a dia das pessoas de forma mais r\u00e1pida, e perto de onde moram.<\/h3>\n<h3 style=\"text-align: justify\">&#8220;N\u00f3s fizemos. D\u00e1 certo, e funciona. Em Salvador, a gente levou a Prefeitura para perto dos bairros e fizemos um governo de proximidade. Por isso, quero levar o governo do estado para as regi\u00f5es mais distantes. Facilitando uma s\u00e9rie de demandas e de problemas do dia a dia das pessoas que n\u00e3o ter\u00e3o que ser, necessariamente, encaminhados para a capital&#8221;, ressaltou Neto.<\/h3>\n<h3 style=\"text-align: justify\">O ex-prefeito tamb\u00e9m avaliou a necessidade de o pr\u00f3ximo governador da Bahia estar apto e disposto a se movimentar por todo o estado.<\/h3>\n<h3 style=\"text-align: justify\">&#8220;Esse compromisso de fazer um governo de proximidade parra, tamb\u00e9m, pela presen\u00e7a do governador nas cidades do interior. Isso faz muita diferen\u00e7a. Ser\u00e1 fundamental que ao longo de todo o governo, o governador esteja presente&#8221;, acrescentou.<\/h3>\n","protected":false},"excerpt":{"rendered":"<p>\u00a0 \u00a0 \u00a0 \u00a0 \u00a0 \u00a0 \u00a0 \u00a0 \u00a0 \u00a0 \u00a0 \u00a0 \u00a0 \u00a0 \u00a0 \u00a0 \u00a0 \u00a0 \u00a0 \u00a0 \u00a0 \u00a0 \u00a0 Foto: Gilberto Jr O presidente nacional do Democratas, ACM Neto, anunciou que pretende criar n\u00facleos do governo estadual para atender as necessidades e demandas do interior da Bahia, caso ven\u00e7a as elei\u00e7\u00f5es [&hellip;]<\/p>\n","protected":false},"author":992,"featured_media":0,"comment_status":"open","ping_status":"open","sticky":false,"template":"","format":"standard","meta":{"footnotes":"","_links_to":"","_links_to_target":""},"categories":[14],"tags":[],"class_list":["post-156385","post","type-post","status-publish","format-standard","hentry","category-bahia-geral"],"views":794,"_links":{"self":[{"href":"https:\/\/www.politicosdosuldabahia.com.br\/v1\/wp-json\/wp\/v2\/posts\/156385"}],"collection":[{"href":"https:\/\/www.politicosdosuldabahia.com.br\/v1\/wp-json\/wp\/v2\/posts"}],"about":[{"href":"https:\/\/www.politicosdosuldabahia.com.br\/v1\/wp-json\/wp\/v2\/types\/post"}],"author":[{"embeddable":true,"href":"https:\/\/www.politicosdosuldabahia.com.br\/v1\/wp-json\/wp\/v2\/users\/992"}],"replies":[{"embeddable":true,"href":"https:\/\/www.politicosdosuldabahia.com.br\/v1\/wp-json\/wp\/v2\/comments?post=156385"}],"version-history":[{"count":2,"href":"https:\/\/www.politicosdosuldabahia.com.br\/v1\/wp-json\/wp\/v2\/posts\/156385\/revisions"}],"predecessor-version":[{"id":156388,"href":"https:\/\/www.politicosdosuldabahia.com.br\/v1\/wp-json\/wp\/v2\/posts\/156385\/revisions\/156388"}],"wp:attachment":[{"href":"https:\/\/www.politicosdosuldabahia.com.br\/v1\/wp-json\/wp\/v2\/media?parent=156385"}],"wp:term":[{"taxonomy":"category","embeddable":true,"href":"https:\/\/www.politicosdosuldabahia.com.br\/v1\/wp-json\/wp\/v2\/categories?post=156385"},{"taxonomy":"post_tag","embeddable":true,"href":"https:\/\/www.politicosdosuldabahia.com.br\/v1\/wp-json\/wp\/v2\/tags?post=156385"}],"curies":[{"name":"wp","href":"https:\/\/api.w.org\/{rel}","templated":true}]}}