
{"id":156220,"date":"2021-11-21T12:20:29","date_gmt":"2021-11-21T15:20:29","guid":{"rendered":"http:\/\/www.politicosdosuldabahia.com.br\/v1\/?p=156220"},"modified":"2021-11-21T12:20:29","modified_gmt":"2021-11-21T15:20:29","slug":"bahia-joao-leao-declara-que-pretende-ser-candidato-ao-governo-do-estado","status":"publish","type":"post","link":"https:\/\/www.politicosdosuldabahia.com.br\/v1\/2021\/11\/21\/bahia-joao-leao-declara-que-pretende-ser-candidato-ao-governo-do-estado\/","title":{"rendered":"BAHIA: JO\u00c3O LE\u00c3O DECLARA QUE PRETENDE SER CANDIDATO AO GOVERNO DO ESTADO"},"content":{"rendered":"<p><a href=\"http:\/\/www.politicosdosuldabahia.com.br\/v1\/2019\/08\/06\/bahia-joao-leao-internado-com-infecao-na-prostata\/joaoleao-camilasoiza\/\" rel=\"attachment wp-att-123674\"><img loading=\"lazy\" decoding=\"async\" class=\"aligncenter size-full wp-image-123674\" src=\"http:\/\/www.politicosdosuldabahia.com.br\/v1\/wp-content\/uploads\/2019\/08\/joaoleao-camilasoiza-e1565107364857.jpeg\" alt=\"joaoleao-camilasoiza\" width=\"455\" height=\"285\" \/><\/a><\/p>\n<h3 style=\"text-align: justify;\">Na manh\u00e3 deste s\u00e1bado o vice-governador da Bahia, Jo\u00e3o Le\u00e3o (PP), participou do programa Frequ\u00eancia Pol\u00edtica, e declarou que pretende ser candidato ao governo do estado.<\/h3>\n<h3 style=\"text-align: justify;\">\u201ctenho pretens\u00e3o de ser candidato ao governo do estado. Com isso Otto Alencar pode ser candidato ao senado ou a vice, j\u00e1 Rui Costa entraria como senador na chapa e Wagner continua o mandato de senador. Tenho certeza que vamos ganhar a elei\u00e7\u00e3o no primeiro turno mais uma vez\u201d, declarou.<\/h3>\n","protected":false},"excerpt":{"rendered":"<p>Na manh\u00e3 deste s\u00e1bado o vice-governador da Bahia, Jo\u00e3o Le\u00e3o (PP), participou do programa Frequ\u00eancia Pol\u00edtica, e declarou que pretende ser candidato ao governo do estado. \u201ctenho pretens\u00e3o de ser candidato ao governo do estado. Com isso Otto Alencar pode ser candidato ao senado ou a vice, j\u00e1 Rui Costa entraria como senador na chapa [&hellip;]<\/p>\n","protected":false},"author":2,"featured_media":0,"comment_status":"open","ping_status":"open","sticky":false,"template":"","format":"standard","meta":{"footnotes":"","_links_to":"","_links_to_target":""},"categories":[1],"tags":[],"class_list":["post-156220","post","type-post","status-publish","format-standard","hentry","category-geral"],"views":953,"_links":{"self":[{"href":"https:\/\/www.politicosdosuldabahia.com.br\/v1\/wp-json\/wp\/v2\/posts\/156220"}],"collection":[{"href":"https:\/\/www.politicosdosuldabahia.com.br\/v1\/wp-json\/wp\/v2\/posts"}],"about":[{"href":"https:\/\/www.politicosdosuldabahia.com.br\/v1\/wp-json\/wp\/v2\/types\/post"}],"author":[{"embeddable":true,"href":"https:\/\/www.politicosdosuldabahia.com.br\/v1\/wp-json\/wp\/v2\/users\/2"}],"replies":[{"embeddable":true,"href":"https:\/\/www.politicosdosuldabahia.com.br\/v1\/wp-json\/wp\/v2\/comments?post=156220"}],"version-history":[{"count":1,"href":"https:\/\/www.politicosdosuldabahia.com.br\/v1\/wp-json\/wp\/v2\/posts\/156220\/revisions"}],"predecessor-version":[{"id":156221,"href":"https:\/\/www.politicosdosuldabahia.com.br\/v1\/wp-json\/wp\/v2\/posts\/156220\/revisions\/156221"}],"wp:attachment":[{"href":"https:\/\/www.politicosdosuldabahia.com.br\/v1\/wp-json\/wp\/v2\/media?parent=156220"}],"wp:term":[{"taxonomy":"category","embeddable":true,"href":"https:\/\/www.politicosdosuldabahia.com.br\/v1\/wp-json\/wp\/v2\/categories?post=156220"},{"taxonomy":"post_tag","embeddable":true,"href":"https:\/\/www.politicosdosuldabahia.com.br\/v1\/wp-json\/wp\/v2\/tags?post=156220"}],"curies":[{"name":"wp","href":"https:\/\/api.w.org\/{rel}","templated":true}]}}